{"id":13187,"date":"2011-09-14T00:00:00","date_gmt":"2011-09-14T00:00:00","guid":{"rendered":"https:\/\/comtal.org\/vols-ajudar-en-youseff-a-trobar-feina\/"},"modified":"2016-10-31T13:39:54","modified_gmt":"2016-10-31T13:39:54","slug":"vols-ajudar-en-youseff-a-trobar-feina","status":"publish","type":"post","link":"https:\/\/comtal.org\/es\/vols-ajudar-en-youseff-a-trobar-feina\/","title":{"rendered":"Vols ajudar en Youseff a trobar feina?"},"content":{"rendered":"<p><a href=\"https:\/\/comtal.org\/wp-content\/uploads\/jove_web.jpg\"><img loading=\"lazy\" decoding=\"async\" class=\"alignleft size-full wp-image-572\" title=\"jove_web\" src=\"https:\/\/comtal.org\/wp-content\/uploads\/jove_web.jpg\" alt=\"\" width=\"175\" height=\"131\" \/><\/a>A la Fundaci\u00f3 Comtal ajudem els i les joves a integrar-se social i laboralment a trav\u00e9s de programes com el <strong><a href=\"..\/..\/index.php?lan=1&amp;&amp;posicion=11&amp;&amp;pos_grup=2&amp;&amp;pos_sub=2&amp;&amp;pos_bot=3\">Construeix-te<\/a><\/strong>, on aprenen l\u2019ofici de pintar, posar parquet i pladur, o el <strong><a href=\"..\/..\/index.php?lan=1&amp;&amp;posicion=11&amp;&amp;pos_grup=2&amp;&amp;pos_sub=2&amp;&amp;pos_bot=1\">Punt d\u2019Informaci\u00f3 Laboral<\/a><\/strong>, on reben orientaci\u00f3 personalitzada per descobrir la millor opci\u00f3 formativa. S\u00f3n projectes que fan que els i les joves trobin un nord, un referent, una pauta i guia que els\/les orienti.  Qui ho explica molt b\u00e9 \u00e9s el <strong>Youseff<\/strong>, alumne del Construeix-te: <strong>Hem fet un curs de tres mesos de pintura i parquet i m\u2019ha agradat molt&#8230;Hem apr\u00e8s a ser responsables, a ser respectuosos amb els amics i moltes altres coses. De cara al futur vull treballar i guanyar alguna cosa per a la fam\u00edlia i per a mi i&#8230; res m\u00e9s<\/strong>. Res m\u00e9s, aix\u00ed de simple ho diu en Youseff. Res que no vulguem tu o jo. Nom\u00e9s que ell, com d\u2019altres joves sense formaci\u00f3 ni alg\u00fa que el pugui guiar, ho t\u00e9 molt m\u00e9s dif\u00edcil.  A la Fundaci\u00f3 Comtal fa 17 anys que treballem perqu\u00e8 joves com en Youseff i molts\/es altres tinguin un espai on, a partir d\u2019itineraris professionals i formaci\u00f3 ocupacional, es preparin acad\u00e8micament i aconsegueixin les eines necess\u00e0ries que els\/les ajudin a construir-se un futur millor.  Acompanyar els i les joves i infants \u00e9s, al nostre entendre, una manera de treballar per una societat m\u00e9s justa i equilibrada. Per aix\u00f2, <strong>m&#8217;atreveixo a demanar-te que et sumis a la  Fundaci\u00f3 Comtal, que et sumis a ser part del canvi de la vida dels i les joves i infants que atenem. <\/strong>  <strong><a href=\"..\/..\/index.php?lan=1&amp;&amp;posicion=10&amp;&amp;pos_grup=1&amp;&amp;pos_sub=1&amp;&amp;pos_bot=2\"><\/a><\/strong><strong><a href=\"..\/..\/index.php?lan=1&amp;&amp;posicion=10&amp;&amp;pos_grup=1&amp;&amp;pos_sub=1&amp;&amp;pos_bot=2\">COL\u00b7LABORA!<\/a><\/strong><\/p>\n","protected":false},"excerpt":{"rendered":"<p>A la Fundaci\u00f3 Comtal ajudem els i les joves a integrar-se social i laboralment a trav\u00e9s de programes com el Construeix-te, on aprenen l\u2019ofici de pintar, posar parquet i pladur, [&hellip;]<\/p>\n","protected":false},"author":2,"featured_media":13188,"comment_status":"closed","ping_status":"closed","sticky":false,"template":"","format":"standard","meta":{"footnotes":""},"categories":[277],"tags":[],"class_list":["post-13187","post","type-post","status-publish","format-standard","has-post-thumbnail","hentry","category-testimonials"],"_links":{"self":[{"href":"https:\/\/comtal.org\/es\/wp-json\/wp\/v2\/posts\/13187","targetHints":{"allow":["GET"]}}],"collection":[{"href":"https:\/\/comtal.org\/es\/wp-json\/wp\/v2\/posts"}],"about":[{"href":"https:\/\/comtal.org\/es\/wp-json\/wp\/v2\/types\/post"}],"author":[{"embeddable":true,"href":"https:\/\/comtal.org\/es\/wp-json\/wp\/v2\/users\/2"}],"replies":[{"embeddable":true,"href":"https:\/\/comtal.org\/es\/wp-json\/wp\/v2\/comments?post=13187"}],"version-history":[{"count":1,"href":"https:\/\/comtal.org\/es\/wp-json\/wp\/v2\/posts\/13187\/revisions"}],"predecessor-version":[{"id":13445,"href":"https:\/\/comtal.org\/es\/wp-json\/wp\/v2\/posts\/13187\/revisions\/13445"}],"wp:featuredmedia":[{"embeddable":true,"href":"https:\/\/comtal.org\/es\/wp-json\/wp\/v2\/media\/13188"}],"wp:attachment":[{"href":"https:\/\/comtal.org\/es\/wp-json\/wp\/v2\/media?parent=13187"}],"wp:term":[{"taxonomy":"category","embeddable":true,"href":"https:\/\/comtal.org\/es\/wp-json\/wp\/v2\/categories?post=13187"},{"taxonomy":"post_tag","embeddable":true,"href":"https:\/\/comtal.org\/es\/wp-json\/wp\/v2\/tags?post=13187"}],"curies":[{"name":"wp","href":"https:\/\/api.w.org\/{rel}","templated":true}]}}