{"id":13185,"date":"2011-09-08T00:00:00","date_gmt":"2011-09-08T00:00:00","guid":{"rendered":"https:\/\/comtal.org\/apuntat-al-flash-mob-mou-te-pel-voluntariat\/"},"modified":"2016-10-31T13:39:54","modified_gmt":"2016-10-31T13:39:54","slug":"apuntat-al-flash-mob-mou-te-pel-voluntariat","status":"publish","type":"post","link":"https:\/\/comtal.org\/es\/apuntat-al-flash-mob-mou-te-pel-voluntariat\/","title":{"rendered":"Apunta&#8217;t al Flash Mob: Mou-te pel Voluntariat!"},"content":{"rendered":"<p><a href=\"https:\/\/comtal.org\/wp-content\/uploads\/flashmobok.jpg\"><img loading=\"lazy\" decoding=\"async\" class=\"alignleft size-full wp-image-568\" title=\"flashmobok\" src=\"https:\/\/comtal.org\/wp-content\/uploads\/flashmobok.jpg\" alt=\"\" width=\"300\" height=\"225\" \/><\/a>Si ets voluntari o volunt\u00e0ria, si creus que el Voluntariat val la pena, si t\u2019agrada ballar i vols passar una estona agradable amb molts\/es amics i amigues, tens una cita el proper <strong>25 de setembre<\/strong> a la <strong>Pla\u00e7a Catalunya<\/strong>, a l\u2019escenari de la <strong>Mostra d\u2019Entitats de la Festa de la Merc\u00e8.<\/strong>  I es que la <a href=\"http:\/\/www.voluntaris.cat\/\" target=\"_blank\" rel=\"noopener\">Federaci\u00f3 Catalana de Voluntariat Social (FCVS)<\/a> est\u00e0 preparant un <strong>Flash Mob per commemorar l\u2019Any Europeu del Voluntariat<\/strong>. Sota el lema <strong>\u00abMou-te pel voluntariat<\/strong>\u00bb , totes les persones volunt\u00e0ries i els seus amics, amigues i familiars estan convidades a ballar al ritme de la can\u00e7\u00f3 Moving, de Macaco.  Ja est\u00e0 disponible el <a href=\"https:\/\/www.youtube.com\/watch?v=mLO7TRXr_8g\" target=\"_blank\" rel=\"noopener\">v\u00eddeo<\/a> perqu\u00e8 tothom qui vulgui participar-hi pugui assajar a casa seva!  Aix\u00ed mateix, el dimecres<strong> 14 de setembre<\/strong> assajarem tots\/es plegats\/des a les <strong>18 hores<\/strong> a la seu de l\u2019entitat <strong>Finestra Oberta (Pg. Bonanova, 8. Barcelona).   Recordeu&#8230;  25 de setembre  a les 12 hores  a la Pla\u00e7a Catalunya de Barcelona  Amb una samarreta blanca i amb la coreografia apresa!   SOM MOLTS\/ES, PER\u00d2 PODEM SER MOLTS\/ES M\u00c9S!<\/strong>  \ufeff<\/p>\n","protected":false},"excerpt":{"rendered":"<p>Si ets voluntari o volunt\u00e0ria, si creus que el Voluntariat val la pena, si t\u2019agrada ballar i vols passar una estona agradable amb molts\/es amics i amigues, tens una cita [&hellip;]<\/p>\n","protected":false},"author":2,"featured_media":13186,"comment_status":"closed","ping_status":"closed","sticky":false,"template":"","format":"standard","meta":{"footnotes":""},"categories":[277],"tags":[],"class_list":["post-13185","post","type-post","status-publish","format-standard","has-post-thumbnail","hentry","category-testimonials"],"_links":{"self":[{"href":"https:\/\/comtal.org\/es\/wp-json\/wp\/v2\/posts\/13185","targetHints":{"allow":["GET"]}}],"collection":[{"href":"https:\/\/comtal.org\/es\/wp-json\/wp\/v2\/posts"}],"about":[{"href":"https:\/\/comtal.org\/es\/wp-json\/wp\/v2\/types\/post"}],"author":[{"embeddable":true,"href":"https:\/\/comtal.org\/es\/wp-json\/wp\/v2\/users\/2"}],"replies":[{"embeddable":true,"href":"https:\/\/comtal.org\/es\/wp-json\/wp\/v2\/comments?post=13185"}],"version-history":[{"count":1,"href":"https:\/\/comtal.org\/es\/wp-json\/wp\/v2\/posts\/13185\/revisions"}],"predecessor-version":[{"id":13446,"href":"https:\/\/comtal.org\/es\/wp-json\/wp\/v2\/posts\/13185\/revisions\/13446"}],"wp:featuredmedia":[{"embeddable":true,"href":"https:\/\/comtal.org\/es\/wp-json\/wp\/v2\/media\/13186"}],"wp:attachment":[{"href":"https:\/\/comtal.org\/es\/wp-json\/wp\/v2\/media?parent=13185"}],"wp:term":[{"taxonomy":"category","embeddable":true,"href":"https:\/\/comtal.org\/es\/wp-json\/wp\/v2\/categories?post=13185"},{"taxonomy":"post_tag","embeddable":true,"href":"https:\/\/comtal.org\/es\/wp-json\/wp\/v2\/tags?post=13185"}],"curies":[{"name":"wp","href":"https:\/\/api.w.org\/{rel}","templated":true}]}}