{"id":13183,"date":"2011-07-29T00:00:00","date_gmt":"2011-07-29T00:00:00","guid":{"rendered":"https:\/\/comtal.org\/la-fundacio-comtal-sacomiada-fins-el-setembre-i-us-desitja-unes-bones-vacances\/"},"modified":"2016-10-31T13:39:54","modified_gmt":"2016-10-31T13:39:54","slug":"la-fundacio-comtal-sacomiada-fins-el-setembre-i-us-desitja-unes-bones-vacances","status":"publish","type":"post","link":"https:\/\/comtal.org\/es\/la-fundacio-comtal-sacomiada-fins-el-setembre-i-us-desitja-unes-bones-vacances\/","title":{"rendered":"La Fundaci\u00f3 Comtal s&#8217;acomiada fins el setembre i us desitja unes bones vacances!"},"content":{"rendered":"<p><strong><a href=\"https:\/\/comtal.org\/wp-content\/uploads\/sombrilla.jpg\"><img loading=\"lazy\" decoding=\"async\" class=\"alignleft size-full wp-image-565\" title=\"sombrilla\" src=\"https:\/\/comtal.org\/wp-content\/uploads\/sombrilla.jpg\" alt=\"\" width=\"175\" height=\"154\" \/><\/a>La nostra entitat romandr\u00e0 tancada durant el mes d&#8217;agost. <\/strong>Ens acomiadem fins a l&#8217;<strong>1 de setembre<\/strong>, data en qu\u00e8 ens reincorporarem amb el nostre horari habitual.  <strong>Aprofitem per desitjar-vos a tots i totes un bon estiu i unes bones vacances<\/strong>, i agrair-vos el vostre continu inter\u00e8s per la informaci\u00f3 que di\u00e0riament us fem arribar a trav\u00e9s d&#8217;aquest espai.  <strong>Fins aviat!<\/strong><\/p>\n","protected":false},"excerpt":{"rendered":"<p>La nostra entitat romandr\u00e0 tancada durant el mes d&#8217;agost. Ens acomiadem fins a l&#8217;1 de setembre, data en qu\u00e8 ens reincorporarem amb el nostre horari habitual. Aprofitem per desitjar-vos a [&hellip;]<\/p>\n","protected":false},"author":2,"featured_media":13184,"comment_status":"closed","ping_status":"closed","sticky":false,"template":"","format":"standard","meta":{"footnotes":""},"categories":[277],"tags":[],"class_list":["post-13183","post","type-post","status-publish","format-standard","has-post-thumbnail","hentry","category-testimonials"],"_links":{"self":[{"href":"https:\/\/comtal.org\/es\/wp-json\/wp\/v2\/posts\/13183","targetHints":{"allow":["GET"]}}],"collection":[{"href":"https:\/\/comtal.org\/es\/wp-json\/wp\/v2\/posts"}],"about":[{"href":"https:\/\/comtal.org\/es\/wp-json\/wp\/v2\/types\/post"}],"author":[{"embeddable":true,"href":"https:\/\/comtal.org\/es\/wp-json\/wp\/v2\/users\/2"}],"replies":[{"embeddable":true,"href":"https:\/\/comtal.org\/es\/wp-json\/wp\/v2\/comments?post=13183"}],"version-history":[{"count":1,"href":"https:\/\/comtal.org\/es\/wp-json\/wp\/v2\/posts\/13183\/revisions"}],"predecessor-version":[{"id":13447,"href":"https:\/\/comtal.org\/es\/wp-json\/wp\/v2\/posts\/13183\/revisions\/13447"}],"wp:featuredmedia":[{"embeddable":true,"href":"https:\/\/comtal.org\/es\/wp-json\/wp\/v2\/media\/13184"}],"wp:attachment":[{"href":"https:\/\/comtal.org\/es\/wp-json\/wp\/v2\/media?parent=13183"}],"wp:term":[{"taxonomy":"category","embeddable":true,"href":"https:\/\/comtal.org\/es\/wp-json\/wp\/v2\/categories?post=13183"},{"taxonomy":"post_tag","embeddable":true,"href":"https:\/\/comtal.org\/es\/wp-json\/wp\/v2\/tags?post=13183"}],"curies":[{"name":"wp","href":"https:\/\/api.w.org\/{rel}","templated":true}]}}