{"id":13181,"date":"2011-07-27T00:00:00","date_gmt":"2011-07-27T00:00:00","guid":{"rendered":"https:\/\/comtal.org\/per-a-mi-ha-estat-una-experiencia-molt-enriquidora\/"},"modified":"2016-10-31T13:39:54","modified_gmt":"2016-10-31T13:39:54","slug":"per-a-mi-ha-estat-una-experiencia-molt-enriquidora","status":"publish","type":"post","link":"https:\/\/comtal.org\/es\/per-a-mi-ha-estat-una-experiencia-molt-enriquidora\/","title":{"rendered":"\u201cPer a mi ha estat una experi\u00e8ncia molt enriquidora\u201d"},"content":{"rendered":"<p><a href=\"https:\/\/comtal.org\/wp-content\/uploads\/celas.jpg\"><img loading=\"lazy\" decoding=\"async\" class=\"alignleft size-full wp-image-561\" title=\"celas\" src=\"https:\/\/comtal.org\/wp-content\/uploads\/celas.jpg\" alt=\"\" width=\"250\" height=\"220\" \/><\/a>El <strong>Carles Rodr\u00edguez<\/strong>, educador de la  Unitat d\u2019Escolaritzaci\u00f3 Compartida (<a href=\"https:\/\/comtal.org\/index.php?op=5&amp;sop=2&amp;lan=0\">UEC<\/a>), <strong>va participar de la darrera edici\u00f3 del Celas de La Salle<\/strong>, <strong>un espai de reflexi\u00f3 per a professionals d\u2019educaci\u00f3 formal i no formal on es posen en com\u00fa les experi\u00e8ncies de treball del seu dia a dia<\/strong>. Avui vol compartir amb tots i totes vosaltres les seves impressions:  <em>\u201cPer a mi ha estat una experi\u00e8ncia\u00a0molt enriquidora, uns dies de compartir amb molta gent, per poder reflexionar sobre com podem treballar en el nostre dia a dia transmitent valors, per ser conscients de la nostra gran tasca com a educadors i educadores, i tamb\u00e9 de les dificultats que ens trobem.<\/em>  <em> Tamb\u00e9 hem tingut molts moments de gresca, de parlar amb els germans grans de La Salle, persones amb un cor molt gran que tenen moltes hist\u00f2ries interessants per explicar.<\/em>  <em> Vull donar les gr\u00e0cies a Direcci\u00f3 per haver-me donat la possibilitat d\u2019anar-hi i convido a tothom a que s\u2019animi a participar-hi\u201d. <\/em><\/p>\n","protected":false},"excerpt":{"rendered":"<p>El Carles Rodr\u00edguez, educador de la Unitat d\u2019Escolaritzaci\u00f3 Compartida (UEC), va participar de la darrera edici\u00f3 del Celas de La Salle, un espai de reflexi\u00f3 per a professionals d\u2019educaci\u00f3 formal [&hellip;]<\/p>\n","protected":false},"author":2,"featured_media":13182,"comment_status":"closed","ping_status":"closed","sticky":false,"template":"","format":"standard","meta":{"footnotes":""},"categories":[277],"tags":[],"class_list":["post-13181","post","type-post","status-publish","format-standard","has-post-thumbnail","hentry","category-testimonials"],"_links":{"self":[{"href":"https:\/\/comtal.org\/es\/wp-json\/wp\/v2\/posts\/13181","targetHints":{"allow":["GET"]}}],"collection":[{"href":"https:\/\/comtal.org\/es\/wp-json\/wp\/v2\/posts"}],"about":[{"href":"https:\/\/comtal.org\/es\/wp-json\/wp\/v2\/types\/post"}],"author":[{"embeddable":true,"href":"https:\/\/comtal.org\/es\/wp-json\/wp\/v2\/users\/2"}],"replies":[{"embeddable":true,"href":"https:\/\/comtal.org\/es\/wp-json\/wp\/v2\/comments?post=13181"}],"version-history":[{"count":1,"href":"https:\/\/comtal.org\/es\/wp-json\/wp\/v2\/posts\/13181\/revisions"}],"predecessor-version":[{"id":13448,"href":"https:\/\/comtal.org\/es\/wp-json\/wp\/v2\/posts\/13181\/revisions\/13448"}],"wp:featuredmedia":[{"embeddable":true,"href":"https:\/\/comtal.org\/es\/wp-json\/wp\/v2\/media\/13182"}],"wp:attachment":[{"href":"https:\/\/comtal.org\/es\/wp-json\/wp\/v2\/media?parent=13181"}],"wp:term":[{"taxonomy":"category","embeddable":true,"href":"https:\/\/comtal.org\/es\/wp-json\/wp\/v2\/categories?post=13181"},{"taxonomy":"post_tag","embeddable":true,"href":"https:\/\/comtal.org\/es\/wp-json\/wp\/v2\/tags?post=13181"}],"curies":[{"name":"wp","href":"https:\/\/api.w.org\/{rel}","templated":true}]}}