{"id":13179,"date":"2011-07-26T00:00:00","date_gmt":"2011-07-26T00:00:00","guid":{"rendered":"https:\/\/comtal.org\/al-final-el-seu-esforc-ha-tingut-recompensa\/"},"modified":"2016-10-31T13:39:54","modified_gmt":"2016-10-31T13:39:54","slug":"al-final-el-seu-esforc-ha-tingut-recompensa","status":"publish","type":"post","link":"https:\/\/comtal.org\/es\/al-final-el-seu-esforc-ha-tingut-recompensa\/","title":{"rendered":"\u201cAl final el seu esfor\u00e7 ha tingut recompensa\u201d"},"content":{"rendered":"<p><a href=\"https:\/\/comtal.org\/wp-content\/uploads\/uec.jpg\"><img loading=\"lazy\" decoding=\"async\" class=\"alignleft size-full wp-image-553\" title=\"uec\" src=\"https:\/\/comtal.org\/wp-content\/uploads\/uec.jpg\" alt=\"\" width=\"250\" height=\"220\" \/><\/a><strong>\u00abHi han anys, com a tot arreu, que te\u2019n fas m\u00e9s amb les persones. Anys que es fa m\u00e9s vincle i que els petits gestos, les mirades, els moments compartits&#8230; fan m\u00e9s gran la teva tasca di\u00e0ria.<\/strong>  Avui el <strong>Joaquim<\/strong> estava trist, portava un parell de dies que es separava del grup i que no volia parlar.\u00a0 Em vaig apropar i li vaig preguntar directament. <strong>La seva tristor no era una altra que la por a l\u2019any vinent, la tristor per veure que s\u2019acabava una etapa amb nosaltres i per no saber com acabaria aquest curs. <\/strong>El vaig poder engrescar a seguir treballant, a no defallir en aquests \u00faltims moments i no perdre l\u2019objectiu que portava seguint des del primer dia que va entrar per la porta de la Unitat d&#8217;Escolaritzaci\u00f3 Compartida (<a href=\"https:\/\/comtal.org\/index.php?op=5&amp;sop=2&amp;lan=0\">UEC).<\/a>  La passada setmana vam acabar un altre curs escolar, un any marcat per nombroses derivacions de joves, que no han trobat dins de les nostres aules el seu espai, per\u00f2 alguns han volgut treballar fins al final. Entre aquests casos, es trobava el Joaquim.  <strong>Al final el seu esfor\u00e7 ha tingut recompensa.<\/strong> La seva espera, les burles dels companys i companyes durant tot el curs, les mat\u00e8ries suspeses, els controls recuperats, les seves limitacions&#8230;.tot ha quedat en un segon lloc.<strong> Despr\u00e9s de molt de temps ha pogut demostrar a molta gent que ell tamb\u00e9 pot.<\/strong>  <strong>Encara que nom\u00e9s sigui una petita fita en el cam\u00ed: per a ell, per a la seva fam\u00edlia i per a tot l\u2019equip ha estat molt m\u00e9s.\u00a0 Ha servit per demostrar-nos que s\u2019ha de continuar fins al final,<\/strong> que potser l\u2019objectiu no est\u00e0 gens clar, per\u00f2 que no s\u2019ha de parar perqu\u00e8 val la pena. <strong>Ha crescut com a persona, ha trobat la forma de fer-se un lloc dins del grup i de confiar en si mateix.<\/strong>  Ha vingut tots els dies que hem obert, amb vagues generals incloses, triomfs d\u2019equips de futbol o l\u2019endem\u00e0 de ponts&#8230;..<strong>Per tot aquest esfor\u00e7 et felicitem de tot cor i et desitgem que no paris i continu\u00efs, sempre tindr\u00e0s un lloc entre nosaltres.\u00bb<\/strong>  <strong>Educador de la UEC. <\/strong><\/p>\n","protected":false},"excerpt":{"rendered":"<p>\u00abHi han anys, com a tot arreu, que te\u2019n fas m\u00e9s amb les persones. Anys que es fa m\u00e9s vincle i que els petits gestos, les mirades, els moments compartits&#8230; [&hellip;]<\/p>\n","protected":false},"author":2,"featured_media":13180,"comment_status":"closed","ping_status":"closed","sticky":false,"template":"","format":"standard","meta":{"footnotes":""},"categories":[277],"tags":[],"class_list":["post-13179","post","type-post","status-publish","format-standard","has-post-thumbnail","hentry","category-testimonials"],"_links":{"self":[{"href":"https:\/\/comtal.org\/es\/wp-json\/wp\/v2\/posts\/13179","targetHints":{"allow":["GET"]}}],"collection":[{"href":"https:\/\/comtal.org\/es\/wp-json\/wp\/v2\/posts"}],"about":[{"href":"https:\/\/comtal.org\/es\/wp-json\/wp\/v2\/types\/post"}],"author":[{"embeddable":true,"href":"https:\/\/comtal.org\/es\/wp-json\/wp\/v2\/users\/2"}],"replies":[{"embeddable":true,"href":"https:\/\/comtal.org\/es\/wp-json\/wp\/v2\/comments?post=13179"}],"version-history":[{"count":1,"href":"https:\/\/comtal.org\/es\/wp-json\/wp\/v2\/posts\/13179\/revisions"}],"predecessor-version":[{"id":13450,"href":"https:\/\/comtal.org\/es\/wp-json\/wp\/v2\/posts\/13179\/revisions\/13450"}],"wp:featuredmedia":[{"embeddable":true,"href":"https:\/\/comtal.org\/es\/wp-json\/wp\/v2\/media\/13180"}],"wp:attachment":[{"href":"https:\/\/comtal.org\/es\/wp-json\/wp\/v2\/media?parent=13179"}],"wp:term":[{"taxonomy":"category","embeddable":true,"href":"https:\/\/comtal.org\/es\/wp-json\/wp\/v2\/categories?post=13179"},{"taxonomy":"post_tag","embeddable":true,"href":"https:\/\/comtal.org\/es\/wp-json\/wp\/v2\/tags?post=13179"}],"curies":[{"name":"wp","href":"https:\/\/api.w.org\/{rel}","templated":true}]}}