{"id":13177,"date":"2011-07-26T00:00:00","date_gmt":"2011-07-26T00:00:00","guid":{"rendered":"https:\/\/comtal.org\/al-construeix-te-els-joves-creixen-i-tu-creixes-amb-ells\/"},"modified":"2016-10-31T13:39:54","modified_gmt":"2016-10-31T13:39:54","slug":"al-construeix-te-els-joves-creixen-i-tu-creixes-amb-ells","status":"publish","type":"post","link":"https:\/\/comtal.org\/es\/al-construeix-te-els-joves-creixen-i-tu-creixes-amb-ells\/","title":{"rendered":"Al Construeix-te \u201cEls joves creixen i tu creixes amb ells\u201d"},"content":{"rendered":"<p><a href=\"https:\/\/comtal.org\/wp-content\/uploads\/javi.jpg\"><img loading=\"lazy\" decoding=\"async\" class=\"alignleft size-full wp-image-550\" title=\"javi\" src=\"https:\/\/comtal.org\/wp-content\/uploads\/javi.jpg\" alt=\"\" width=\"250\" height=\"220\" \/><\/a>  El <strong>Javier Ferrer<\/strong> \u00e9s <strong>tallerista del programa <a href=\"https:\/\/comtal.org\/index.php?op=5&amp;sop=7&amp;lan=0\">Construeix-te<\/a><\/strong>. Porta dos anys col\u00b7laborant en aquest projecte pre-laboral en el qual<strong> ajuda a joves a tornar a la formaci\u00f3, aprendre un ofici i tenir m\u00e9s possibilitats per accedir a un lloc de treball.<\/strong>  El Javier sent molta satisfacci\u00f3 professional i humana en treballar aqu\u00ed, perqu\u00e8 <strong>ent\u00e9n que l\u2019itinerari d\u2019aprenentatge \u00e9s mutu<\/strong>: \u201c<em>Els joves creixen i tu creixes amb ells. El nostre objectiu \u00e9s compartir valors de treball, esfor\u00e7 i solidaritat a fi de crear sentit de comprom\u00eds i pertinen\u00e7a amb el seu entorn m\u00e9s proper<\/em>\u201d.  Al llarg del proc\u00e9s s\u2019estableix \u201c<em>un vincle afectiu amb els joves i es busca enfortir compet\u00e8ncies personals, t\u00e8cniques i transversals<\/em>\u201d. Per aquest motiu, s\u2019aplica una metodologia d\u2019aprenentatge i servei. Les activitats i tasques estan dissenyades per \u201c<em>potenciar les seves habilitats, modelar h\u00e0bits de treball i generals de conviv\u00e8ncia, aprendre com usar les eines i proposar noves maneres de fer la tasca o treball assignat<\/em>\u201d.  En aquest sentit, el Javier reconeix el valor d\u2019aquesta formaci\u00f3. \u201c<em>A la Fundaci\u00f3 Comtal oferim veritables alternatives per als joves inactius, ja que a trav\u00e9s del Contrueix-te els joves obtenen una formaci\u00f3 b\u00e0sica i enforteixen la seva autoconfian\u00e7a<\/em>\u201d.  <strong>El Javier experimenta una plenitud i renovaci\u00f3 constant en treballar amb joves<\/strong>. Li agrada i se sent identificat amb el seu esperit de superaci\u00f3 i la seva actitud reivindicativa de millorar i canviar les coses. \u201c<em>\u00c9s un proc\u00e9s de formaci\u00f3 cont\u00ednua que es nodreix cada dia amb experi\u00e8ncies pr\u00e0ctiques<\/em>\u201d.  A dia d\u2019avui, molts joves han participat d\u2019aquest programa, que e<strong>ls han ajudat a obrir portes i, sobretot, a despertar-los l\u2019inter\u00e8s per seguir formant-se per tenir m\u00e9s oportunitats de futur<\/strong>. En aquest sentit, despr\u00e9s d\u2019aquesta experi\u00e8ncia,<strong> molts d\u2019ells continuen vinculats a la Fundaci\u00f3 Comtal participant en altres programes.<\/strong>  El Javier defensa amb il\u00b7lusi\u00f3 l\u2019esfor\u00e7 diari i <strong>pensa que seria molt positiu que altres entitats se sumessin a la iniciativa de la Fundaci\u00f3 Comtal <\/strong>per aix\u00ed crear m\u00e9s estructures de formaci\u00f3 i educaci\u00f3 que atenguin les necessitats dels joves que pateixen risc d\u2019exclusi\u00f3 social.<\/p>\n","protected":false},"excerpt":{"rendered":"<p>El Javier Ferrer \u00e9s tallerista del programa Construeix-te. Porta dos anys col\u00b7laborant en aquest projecte pre-laboral en el qual ajuda a joves a tornar a la formaci\u00f3, aprendre un ofici [&hellip;]<\/p>\n","protected":false},"author":2,"featured_media":13178,"comment_status":"closed","ping_status":"closed","sticky":false,"template":"","format":"standard","meta":{"footnotes":""},"categories":[277],"tags":[],"class_list":["post-13177","post","type-post","status-publish","format-standard","has-post-thumbnail","hentry","category-testimonials"],"_links":{"self":[{"href":"https:\/\/comtal.org\/es\/wp-json\/wp\/v2\/posts\/13177","targetHints":{"allow":["GET"]}}],"collection":[{"href":"https:\/\/comtal.org\/es\/wp-json\/wp\/v2\/posts"}],"about":[{"href":"https:\/\/comtal.org\/es\/wp-json\/wp\/v2\/types\/post"}],"author":[{"embeddable":true,"href":"https:\/\/comtal.org\/es\/wp-json\/wp\/v2\/users\/2"}],"replies":[{"embeddable":true,"href":"https:\/\/comtal.org\/es\/wp-json\/wp\/v2\/comments?post=13177"}],"version-history":[{"count":1,"href":"https:\/\/comtal.org\/es\/wp-json\/wp\/v2\/posts\/13177\/revisions"}],"predecessor-version":[{"id":13449,"href":"https:\/\/comtal.org\/es\/wp-json\/wp\/v2\/posts\/13177\/revisions\/13449"}],"wp:featuredmedia":[{"embeddable":true,"href":"https:\/\/comtal.org\/es\/wp-json\/wp\/v2\/media\/13178"}],"wp:attachment":[{"href":"https:\/\/comtal.org\/es\/wp-json\/wp\/v2\/media?parent=13177"}],"wp:term":[{"taxonomy":"category","embeddable":true,"href":"https:\/\/comtal.org\/es\/wp-json\/wp\/v2\/categories?post=13177"},{"taxonomy":"post_tag","embeddable":true,"href":"https:\/\/comtal.org\/es\/wp-json\/wp\/v2\/tags?post=13177"}],"curies":[{"name":"wp","href":"https:\/\/api.w.org\/{rel}","templated":true}]}}