{"id":13175,"date":"2011-07-22T00:00:00","date_gmt":"2011-07-22T00:00:00","guid":{"rendered":"https:\/\/comtal.org\/presentem-al-gma-salvador-fargas-al-premi-josep-parera-dona-li-suport\/"},"modified":"2016-10-31T13:39:54","modified_gmt":"2016-10-31T13:39:54","slug":"presentem-al-gma-salvador-fargas-al-premi-josep-parera-dona-li-suport","status":"publish","type":"post","link":"https:\/\/comtal.org\/es\/presentem-al-gma-salvador-fargas-al-premi-josep-parera-dona-li-suport\/","title":{"rendered":"Presentem al Gm\u00e0. Salvador Fargas al Premi Josep Parera. D\u00f3na-li suport!"},"content":{"rendered":"<p><a href=\"https:\/\/comtal.org\/wp-content\/uploads\/salvador_web.jpg\"><img loading=\"lazy\" decoding=\"async\" class=\"alignleft size-full wp-image-546\" title=\"salvador_web\" src=\"https:\/\/comtal.org\/wp-content\/uploads\/salvador_web.jpg\" alt=\"\" width=\"250\" height=\"220\" \/><\/a>Ja es poden presentar les candidatures al <a href=\"https:\/\/www.caixapenedes.com\/obra_social.asp?fam=8\" target=\"_blank\" rel=\"noopener\">Premi Josep Parera<\/a>, que <strong>reconeix el treball de persones i entitats socials que s\u2019hagin distingit per la seva vocaci\u00f3 i dedicaci\u00f3 al servei del desenvolupament comunitari. <\/strong>  En aquest sentit, <strong>creiem fermament que el Gm\u00e0. Salvador \u00e9s ben mereixedor d\u2019aquest\u00a0guard\u00f3 \u00a0<\/strong>que\u00a0commemoraria la seva traject\u00f2ria humana, social, educativa i professional.  El Salvador porta molts anys acompanyant les persones que m\u00e9s ho necessiten. Ara \u00e9s el moment de donar-li el reconeixement p\u00fablic que es mereix!  <strong>Ens ajudes a fer-lo possible? <\/strong>Nom\u00e9s et portar\u00e0 uns minuts. <\/p>\n<ul>\n<li><a href=\"..\/..\/Comunicats\/biografia_Salvador.pdf\">Informa\u2019t <\/a>sobre la vida del Gm\u00e0. Salvador<\/li>\n<li>D\u00f3na suport a la seva candidatura omplint <a href=\"..\/..\/Comunicats\/model_suport_candidatura.doc\">aquest formulari<\/a><\/li>\n<\/ul>\n<p> Si us plau, envia\u2019ns abans del dia <strong>20 d\u2019agost <\/strong>el formulari amb les teves dades a <strong>comtal@comtal.org <\/strong>o per correu postal a <strong>Amadeu Vives, 6, 080003 Barcelona.<\/strong>  Moltes gr\u00e0cies per la teva col\u00b7laboraci\u00f3!<\/p>\n","protected":false},"excerpt":{"rendered":"<p>Ja es poden presentar les candidatures al Premi Josep Parera, que reconeix el treball de persones i entitats socials que s\u2019hagin distingit per la seva vocaci\u00f3 i dedicaci\u00f3 al servei [&hellip;]<\/p>\n","protected":false},"author":2,"featured_media":13176,"comment_status":"closed","ping_status":"closed","sticky":false,"template":"","format":"standard","meta":{"footnotes":""},"categories":[277],"tags":[],"class_list":["post-13175","post","type-post","status-publish","format-standard","has-post-thumbnail","hentry","category-testimonials"],"_links":{"self":[{"href":"https:\/\/comtal.org\/es\/wp-json\/wp\/v2\/posts\/13175","targetHints":{"allow":["GET"]}}],"collection":[{"href":"https:\/\/comtal.org\/es\/wp-json\/wp\/v2\/posts"}],"about":[{"href":"https:\/\/comtal.org\/es\/wp-json\/wp\/v2\/types\/post"}],"author":[{"embeddable":true,"href":"https:\/\/comtal.org\/es\/wp-json\/wp\/v2\/users\/2"}],"replies":[{"embeddable":true,"href":"https:\/\/comtal.org\/es\/wp-json\/wp\/v2\/comments?post=13175"}],"version-history":[{"count":1,"href":"https:\/\/comtal.org\/es\/wp-json\/wp\/v2\/posts\/13175\/revisions"}],"predecessor-version":[{"id":13451,"href":"https:\/\/comtal.org\/es\/wp-json\/wp\/v2\/posts\/13175\/revisions\/13451"}],"wp:featuredmedia":[{"embeddable":true,"href":"https:\/\/comtal.org\/es\/wp-json\/wp\/v2\/media\/13176"}],"wp:attachment":[{"href":"https:\/\/comtal.org\/es\/wp-json\/wp\/v2\/media?parent=13175"}],"wp:term":[{"taxonomy":"category","embeddable":true,"href":"https:\/\/comtal.org\/es\/wp-json\/wp\/v2\/categories?post=13175"},{"taxonomy":"post_tag","embeddable":true,"href":"https:\/\/comtal.org\/es\/wp-json\/wp\/v2\/tags?post=13175"}],"curies":[{"name":"wp","href":"https:\/\/api.w.org\/{rel}","templated":true}]}}