{"id":13171,"date":"2011-07-21T00:00:00","date_gmt":"2011-07-21T00:00:00","guid":{"rendered":"https:\/\/comtal.org\/cronica-dun-dia-al-casal-destiu\/"},"modified":"2016-10-31T13:39:54","modified_gmt":"2016-10-31T13:39:54","slug":"cronica-dun-dia-al-casal-destiu","status":"publish","type":"post","link":"https:\/\/comtal.org\/es\/cronica-dun-dia-al-casal-destiu\/","title":{"rendered":"Cr\u00f2nica d\u2019un dia al Casal d\u2019Estiu"},"content":{"rendered":"<p><em><a href=\"https:\/\/comtal.org\/wp-content\/uploads\/casal_ok2.jpg\"><img loading=\"lazy\" decoding=\"async\" class=\"alignleft size-full wp-image-541\" title=\"casal_ok\" src=\"https:\/\/comtal.org\/wp-content\/uploads\/casal_ok2.jpg\" alt=\"\" width=\"250\" height=\"220\" \/><\/a>\u201cLa<strong> Marta <\/strong>s\u2019ha llevat a  les 8 tocades, i ha  pogut esmorzar i preparar tranquil\u00b7lament la  motxilla amb totes les  coses que necessitaria al llarg del dia. No es  volia oblidar la crema  solar, aix\u00ed que s\u2019ha assegurat abans de sortir  de casa&#8230;<\/em>  <em>Avui tocava visitar el <strong>Museu Etnol\u00f2gic<\/strong>, un espai on ha   conegut les cultures de persones que han vingut de fora i que ara  viuen  a Catalunya. Aix\u00f2 li cridava molt l\u2019atenci\u00f3, perqu\u00e8 a classe t\u00e9  algunes  amigues que fa poquet que viuen aqu\u00ed i volia saber una mica m\u00e9s  sobre  els seus pa\u00efsos d\u2019origen.<\/em>  <em>Despr\u00e9s d\u2019aquesta activitat han fet un<strong> picnic al parc de la Ciutadella,<\/strong> i per la tarda han realitzat un<strong> taller on han apr\u00e9s a fer marcs de fotos <\/strong>amb   els seus propis dissenys. La Marta ha regalat el seu a una volunt\u00e0ria   que sempre est\u00e0 per ella: volia que guard\u00e9s un record seu.\u201d <\/em>  La Marta t\u00e9 9 anys i aquest \u00e9s el primer curs que participa de les activitats del <strong>Casal d\u2019Estiu del Centre Obert Tria.<\/strong> Per a ella, ha estat una gran experi\u00e8ncia. <strong>Feia temps que volia fer jocs i gaudir del bon temps a l\u2019aire lliure una vegada acabaven les classes del cole. <\/strong>Anys   enrere, quan els seus pares es marxaven a treballar, es quedava sola a   casa i s\u2019avorria molt. Ella volia passar-s\u2019ho b\u00e9 amb els amics i   amigues, volia jugar, saltar, c\u00f3rrer&#8230;per\u00f2 li deien que no es podien   permetre pagar cap esplai.  Enguany, el Casal de la Fundaci\u00f3 Comtal s\u2019ha realitzat <strong>del dia   27 de juny al 15 de juliol a La Salle Barceloneta i ha comptat amb la   participaci\u00f3 de m\u00e9s d\u2019un centenar de joves i infants que com la Marta   necessiten moments d\u2019esbarjo i aprenentatge tamb\u00e9 a l\u2019\u00e8poca estiuenca. <\/strong><\/p>\n","protected":false},"excerpt":{"rendered":"<p>\u201cLa Marta s\u2019ha llevat a les 8 tocades, i ha pogut esmorzar i preparar tranquil\u00b7lament la motxilla amb totes les coses que necessitaria al llarg del dia. No es volia [&hellip;]<\/p>\n","protected":false},"author":2,"featured_media":13172,"comment_status":"closed","ping_status":"closed","sticky":false,"template":"","format":"standard","meta":{"footnotes":""},"categories":[277],"tags":[],"class_list":["post-13171","post","type-post","status-publish","format-standard","has-post-thumbnail","hentry","category-testimonials"],"_links":{"self":[{"href":"https:\/\/comtal.org\/es\/wp-json\/wp\/v2\/posts\/13171","targetHints":{"allow":["GET"]}}],"collection":[{"href":"https:\/\/comtal.org\/es\/wp-json\/wp\/v2\/posts"}],"about":[{"href":"https:\/\/comtal.org\/es\/wp-json\/wp\/v2\/types\/post"}],"author":[{"embeddable":true,"href":"https:\/\/comtal.org\/es\/wp-json\/wp\/v2\/users\/2"}],"replies":[{"embeddable":true,"href":"https:\/\/comtal.org\/es\/wp-json\/wp\/v2\/comments?post=13171"}],"version-history":[{"count":1,"href":"https:\/\/comtal.org\/es\/wp-json\/wp\/v2\/posts\/13171\/revisions"}],"predecessor-version":[{"id":13452,"href":"https:\/\/comtal.org\/es\/wp-json\/wp\/v2\/posts\/13171\/revisions\/13452"}],"wp:featuredmedia":[{"embeddable":true,"href":"https:\/\/comtal.org\/es\/wp-json\/wp\/v2\/media\/13172"}],"wp:attachment":[{"href":"https:\/\/comtal.org\/es\/wp-json\/wp\/v2\/media?parent=13171"}],"wp:term":[{"taxonomy":"category","embeddable":true,"href":"https:\/\/comtal.org\/es\/wp-json\/wp\/v2\/categories?post=13171"},{"taxonomy":"post_tag","embeddable":true,"href":"https:\/\/comtal.org\/es\/wp-json\/wp\/v2\/tags?post=13171"}],"curies":[{"name":"wp","href":"https:\/\/api.w.org\/{rel}","templated":true}]}}