{"id":13167,"date":"2011-06-23T00:00:00","date_gmt":"2011-06-23T00:00:00","guid":{"rendered":"https:\/\/comtal.org\/sinergia-de-bones-intencions\/"},"modified":"2016-10-31T13:39:54","modified_gmt":"2016-10-31T13:39:54","slug":"sinergia-de-bones-intencions","status":"publish","type":"post","link":"https:\/\/comtal.org\/es\/sinergia-de-bones-intencions\/","title":{"rendered":"Sinergia de bones intencions"},"content":{"rendered":"<p><a href=\"https:\/\/comtal.org\/wp-content\/uploads\/trobada_web.jpg\"><img loading=\"lazy\" decoding=\"async\" class=\"alignleft size-full wp-image-529\" title=\"presentaci\u00f3n del encuentro\" src=\"https:\/\/comtal.org\/wp-content\/uploads\/trobada_web.jpg\" alt=\"\" width=\"250\" height=\"220\" \/><\/a>Un any m\u00e9s vam assistir a la <strong>Trobada de Voluntariat de fi de curs,<\/strong> una cita amb la formaci\u00f3 i l&#8217;intercanvi d\u2019experi\u00e8ncies en la qual<strong> vam poder mirar enrere, veient el gran cam\u00ed recorregut, i tamb\u00e9 cap   endavant, pensant en el futur i quin \u00e9s el proper pas que volem donar.<\/strong>  <strong>El plat fort de la jornada va ser la participaci\u00f3 de voluntaris i volunt\u00e0ries de diverses entitats<\/strong>,   que com la nostra, treballen per millorar la vida de les persones que   m\u00e9s ho necessiten. En aquest sentit, vam comptar amb el testimoni d\u2019<strong>Avism\u00f3n Catalunya,<\/strong> que dedica el seu temps als i les m\u00e9s majors; d\u00b4<strong>Arquitectes sense Fronteres<\/strong>, que treballa per aconseguir l\u2019acc\u00e9s universal a un habitatge digne, i de <strong>Fundaci\u00f3n Vicente Ferrer<\/strong>, que lluita per millorar la qualitat de vida dels grups m\u00e9s desfavorits de l\u2019\u00cdndia.  Tamb\u00e9 ens va acompanyar la <strong>Federaci\u00f3 Catalana de Voluntariat Social (FCVS)<\/strong>,   organisme de refer\u00e8ncia que promou el voluntariat social a Catalunya, i   que ens va oferir pautes per ser un\/a bon\/a voluntari\/a.  Vam amenitzar el tancament de la jornada amb un pica-pica, en el qual vam seguir compartint an\u00e8cdotes, i, fins i tot, <strong>alguns\/es voluntaris\/es van atrevir-se a relatar la seva viv\u00e8ncia en el \u201cRac\u00f3 dels experi\u00e8ncies\u201d<\/strong>, un espai en el qual gravarem els testimonis del seu dia a dia i tot all\u00f2 que van voler compartir amb nosaltres.  <strong>Volem agrair la participaci\u00f3 de les diferents entitats que varen   assistir a l&#8217;acte com a ponents i, tamb\u00e9, les que van venir com a   espectadores.<\/strong> Creiem fermament en la <strong>import\u00e0ncia de generar sinergies.<\/strong> El fet de sumar diverses causes, el con\u00e8ixer i el compartir, genera riquesa. Sens dubte, un <strong>efecte multiplicador per a l\u2019entitat i per a les persones que hi formen part.  Moltes gr\u00e0cies!!!<\/strong><\/p>\n","protected":false},"excerpt":{"rendered":"<p>Un any m\u00e9s vam assistir a la Trobada de Voluntariat de fi de curs, una cita amb la formaci\u00f3 i l&#8217;intercanvi d\u2019experi\u00e8ncies en la qual vam poder mirar enrere, veient [&hellip;]<\/p>\n","protected":false},"author":2,"featured_media":13168,"comment_status":"closed","ping_status":"closed","sticky":false,"template":"","format":"standard","meta":{"footnotes":""},"categories":[277],"tags":[],"class_list":["post-13167","post","type-post","status-publish","format-standard","has-post-thumbnail","hentry","category-testimonials"],"_links":{"self":[{"href":"https:\/\/comtal.org\/es\/wp-json\/wp\/v2\/posts\/13167","targetHints":{"allow":["GET"]}}],"collection":[{"href":"https:\/\/comtal.org\/es\/wp-json\/wp\/v2\/posts"}],"about":[{"href":"https:\/\/comtal.org\/es\/wp-json\/wp\/v2\/types\/post"}],"author":[{"embeddable":true,"href":"https:\/\/comtal.org\/es\/wp-json\/wp\/v2\/users\/2"}],"replies":[{"embeddable":true,"href":"https:\/\/comtal.org\/es\/wp-json\/wp\/v2\/comments?post=13167"}],"version-history":[{"count":1,"href":"https:\/\/comtal.org\/es\/wp-json\/wp\/v2\/posts\/13167\/revisions"}],"predecessor-version":[{"id":13454,"href":"https:\/\/comtal.org\/es\/wp-json\/wp\/v2\/posts\/13167\/revisions\/13454"}],"wp:featuredmedia":[{"embeddable":true,"href":"https:\/\/comtal.org\/es\/wp-json\/wp\/v2\/media\/13168"}],"wp:attachment":[{"href":"https:\/\/comtal.org\/es\/wp-json\/wp\/v2\/media?parent=13167"}],"wp:term":[{"taxonomy":"category","embeddable":true,"href":"https:\/\/comtal.org\/es\/wp-json\/wp\/v2\/categories?post=13167"},{"taxonomy":"post_tag","embeddable":true,"href":"https:\/\/comtal.org\/es\/wp-json\/wp\/v2\/tags?post=13167"}],"curies":[{"name":"wp","href":"https:\/\/api.w.org\/{rel}","templated":true}]}}