{"id":13165,"date":"2011-06-22T00:00:00","date_gmt":"2011-06-22T00:00:00","guid":{"rendered":"https:\/\/comtal.org\/nomes-un-punt-i-a-part\/"},"modified":"2016-10-31T13:39:54","modified_gmt":"2016-10-31T13:39:54","slug":"nomes-un-punt-i-a-part","status":"publish","type":"post","link":"https:\/\/comtal.org\/es\/nomes-un-punt-i-a-part\/","title":{"rendered":"Nom\u00e9s un punt i a part&#8230;"},"content":{"rendered":"<p><a href=\"https:\/\/comtal.org\/wp-content\/uploads\/cloenda_co.jpg\"><img loading=\"lazy\" decoding=\"async\" class=\"alignleft size-full wp-image-525\" title=\"cloenda_co\" src=\"https:\/\/comtal.org\/wp-content\/uploads\/cloenda_co.jpg\" alt=\"\" width=\"250\" height=\"220\" \/><\/a>Tots els infants volien posar-se a la cua per participar dels diferents tallers que es van organitzar amb motiu de la <strong>cloenda de fi de curs del Centre Obert<\/strong>.  Es van realitzar activitats per a totes les edats i gustos. Hi havia moltes opcions per escollir: <strong>podien   pintar-se les cares amb els dissenys que ells\/es mateixos\/es  escollien,  crear els seus propis collars i polseres de macarrons,  dibuixar, jugar a  futbol, o, fins i tot, aprendre a cuinar pastes de  xocolata i coco. <\/strong>  En  definitiva, els infants i joves van posar el colof\u00f3 final a un any  ple  d\u2019an\u00e8cdotes i experi\u00e8ncies, i ho van fer, com no podia ser d\u2019una  altra  manera, <strong>acompanyats\/des dels companys\/es<\/strong> amb qu\u00e8 han compartit pupitre <strong>i amb alguns\/es dels voluntaris\/es que els han acompanyat durant aquests mesos de treball. <\/strong>  Les  activitats ordin\u00e0ries han acabat per\u00f2 el Centre Obert no tanca. Les   classes finalitzen, per\u00f2 a Ciutat Vella el ritme no para i els infants   necessiten continuar divertint-se i educant-se. Per aquest motiu, <strong>del 27 de juny al 15 de juliol, obrim les portes del Casal d\u2019Estiu, <\/strong>un espai per a l\u2019esbarjo, la diversi\u00f3 i el contacte amb la natura on <strong>continuarem treballant l\u2019educaci\u00f3 en valors dels m\u00e9s petits\/es.<\/strong>  <strong>Us anirem informant de les seves aventures&#8230; <\/strong><\/p>\n","protected":false},"excerpt":{"rendered":"<p>Tots els infants volien posar-se a la cua per participar dels diferents tallers que es van organitzar amb motiu de la cloenda de fi de curs del Centre Obert. Es [&hellip;]<\/p>\n","protected":false},"author":2,"featured_media":13166,"comment_status":"closed","ping_status":"closed","sticky":false,"template":"","format":"standard","meta":{"footnotes":""},"categories":[277],"tags":[],"class_list":["post-13165","post","type-post","status-publish","format-standard","has-post-thumbnail","hentry","category-testimonials"],"_links":{"self":[{"href":"https:\/\/comtal.org\/es\/wp-json\/wp\/v2\/posts\/13165","targetHints":{"allow":["GET"]}}],"collection":[{"href":"https:\/\/comtal.org\/es\/wp-json\/wp\/v2\/posts"}],"about":[{"href":"https:\/\/comtal.org\/es\/wp-json\/wp\/v2\/types\/post"}],"author":[{"embeddable":true,"href":"https:\/\/comtal.org\/es\/wp-json\/wp\/v2\/users\/2"}],"replies":[{"embeddable":true,"href":"https:\/\/comtal.org\/es\/wp-json\/wp\/v2\/comments?post=13165"}],"version-history":[{"count":1,"href":"https:\/\/comtal.org\/es\/wp-json\/wp\/v2\/posts\/13165\/revisions"}],"predecessor-version":[{"id":13455,"href":"https:\/\/comtal.org\/es\/wp-json\/wp\/v2\/posts\/13165\/revisions\/13455"}],"wp:featuredmedia":[{"embeddable":true,"href":"https:\/\/comtal.org\/es\/wp-json\/wp\/v2\/media\/13166"}],"wp:attachment":[{"href":"https:\/\/comtal.org\/es\/wp-json\/wp\/v2\/media?parent=13165"}],"wp:term":[{"taxonomy":"category","embeddable":true,"href":"https:\/\/comtal.org\/es\/wp-json\/wp\/v2\/categories?post=13165"},{"taxonomy":"post_tag","embeddable":true,"href":"https:\/\/comtal.org\/es\/wp-json\/wp\/v2\/tags?post=13165"}],"curies":[{"name":"wp","href":"https:\/\/api.w.org\/{rel}","templated":true}]}}