{"id":13161,"date":"2011-06-15T00:00:00","date_gmt":"2011-06-15T00:00:00","guid":{"rendered":"https:\/\/comtal.org\/amb-el-bon-temps-un-bon-coctel-solidari\/"},"modified":"2016-10-31T13:39:55","modified_gmt":"2016-10-31T13:39:55","slug":"amb-el-bon-temps-un-bon-coctel-solidari","status":"publish","type":"post","link":"https:\/\/comtal.org\/es\/amb-el-bon-temps-un-bon-coctel-solidari\/","title":{"rendered":"Amb el bon temps&#8230;un bon c\u00f2ctel solidari!"},"content":{"rendered":"<p><a href=\"https:\/\/comtal.org\/wp-content\/uploads\/coctail_ok.jpg\"><img loading=\"lazy\" decoding=\"async\" class=\"alignleft size-full wp-image-518\" title=\"coctail_ok\" src=\"https:\/\/comtal.org\/wp-content\/uploads\/coctail_ok.jpg\" alt=\"\" width=\"250\" height=\"220\" \/><\/a>Ja arriba l\u2019estiu i amb ell les ganes de sortir  a les terrasses i  gaudir del bon temps prenent alguna beguda ben  fresqueta&#8230;Sona b\u00e9,  veritat? Per\u00f2 encara es pot millorar si hi afegim  una nota solid\u00e0ria&#8230;  Des d\u2019aquest moment, ja pots assaborir el <strong>c\u00f2ctel solidari a favor de la Fundaci\u00f3 Comtal a l\u2019Hotel Condes de Barcelona<\/strong>, un dels hotels m\u00e9s emblem\u00e0tics de Barcelona.  El <strong>Bar Condal<\/strong> i la <strong>Terrassa Alaire<\/strong>,   situats al bell mig de la ciutat, t\u2019oferiran la possibilitat de gaudir   d\u2019una beguda molt estiuenca, feta amb sucre, menta, suc de pinya i   llima. A m\u00e9s de submergir-te de ple a l\u2019estiu i refrescar-te passant una   bona estona en el cor de la Barcelona m\u00e9s modernista, <strong>amb la teva aportaci\u00f3 contribuir\u00e0s a fer possible la nostra tasca di\u00e0ria a favor d\u2019infants i joves.<\/strong> <strong> Segur que et quedar\u00e0s amb molt bon sabor de boca! <\/strong> <\/p>\n<ul>\n<li>Bar Condal: Passeig de Gr\u00e0cia, 75\u00a0 (de dilluns a divendres de 8 a 23 hores)<\/li>\n<li>Terrassa Alaire: Passeig de Gr\u00e0cia, 73 (de dilluns a divendres de 12 a 2 hores)<\/li>\n<\/ul>\n","protected":false},"excerpt":{"rendered":"<p>Ja arriba l\u2019estiu i amb ell les ganes de sortir a les terrasses i gaudir del bon temps prenent alguna beguda ben fresqueta&#8230;Sona b\u00e9, veritat? Per\u00f2 encara es pot millorar [&hellip;]<\/p>\n","protected":false},"author":2,"featured_media":13162,"comment_status":"closed","ping_status":"closed","sticky":false,"template":"","format":"standard","meta":{"footnotes":""},"categories":[277],"tags":[],"class_list":["post-13161","post","type-post","status-publish","format-standard","has-post-thumbnail","hentry","category-testimonials"],"_links":{"self":[{"href":"https:\/\/comtal.org\/es\/wp-json\/wp\/v2\/posts\/13161","targetHints":{"allow":["GET"]}}],"collection":[{"href":"https:\/\/comtal.org\/es\/wp-json\/wp\/v2\/posts"}],"about":[{"href":"https:\/\/comtal.org\/es\/wp-json\/wp\/v2\/types\/post"}],"author":[{"embeddable":true,"href":"https:\/\/comtal.org\/es\/wp-json\/wp\/v2\/users\/2"}],"replies":[{"embeddable":true,"href":"https:\/\/comtal.org\/es\/wp-json\/wp\/v2\/comments?post=13161"}],"version-history":[{"count":1,"href":"https:\/\/comtal.org\/es\/wp-json\/wp\/v2\/posts\/13161\/revisions"}],"predecessor-version":[{"id":13457,"href":"https:\/\/comtal.org\/es\/wp-json\/wp\/v2\/posts\/13161\/revisions\/13457"}],"wp:featuredmedia":[{"embeddable":true,"href":"https:\/\/comtal.org\/es\/wp-json\/wp\/v2\/media\/13162"}],"wp:attachment":[{"href":"https:\/\/comtal.org\/es\/wp-json\/wp\/v2\/media?parent=13161"}],"wp:term":[{"taxonomy":"category","embeddable":true,"href":"https:\/\/comtal.org\/es\/wp-json\/wp\/v2\/categories?post=13161"},{"taxonomy":"post_tag","embeddable":true,"href":"https:\/\/comtal.org\/es\/wp-json\/wp\/v2\/tags?post=13161"}],"curies":[{"name":"wp","href":"https:\/\/api.w.org\/{rel}","templated":true}]}}