{"id":13153,"date":"2011-06-03T00:00:00","date_gmt":"2011-06-03T00:00:00","guid":{"rendered":"https:\/\/comtal.org\/com-a-voluntari-desitges-ser-util-desitges-ajudar-i-rebre-mes-del-que-dones\/"},"modified":"2016-10-31T13:39:55","modified_gmt":"2016-10-31T13:39:55","slug":"com-a-voluntari-desitges-ser-util-desitges-ajudar-i-rebre-mes-del-que-dones","status":"publish","type":"post","link":"https:\/\/comtal.org\/es\/com-a-voluntari-desitges-ser-util-desitges-ajudar-i-rebre-mes-del-que-dones\/","title":{"rendered":"Com a voluntari \u201cdesitges ser \u00fatil, desitges ajudar i rebre m\u00e9s del que dones\u201d"},"content":{"rendered":"<p style=\"text-align: justify;\"><a href=\"https:\/\/comtal.org\/wp-content\/uploads\/carlesok1.jpg\"><img loading=\"lazy\" decoding=\"async\" class=\"alignleft size-full wp-image-488\" title=\"carlesok\" src=\"https:\/\/comtal.org\/wp-content\/uploads\/carlesok1.jpg\" alt=\"\" width=\"250\" height=\"220\" \/><\/a>El Carles Rafart \u00e9s voluntari des de fa quatre anys i es mostra molt satisfet amb el cam\u00ed que ha recorregut fins ara. Despr\u00e9s de 47 anys com a educador a l&#8217;escola La Salle Gr\u00e0cia es va plantejar el Voluntariat com \u201cuna projecci\u00f3 humana cap els altres. <strong>Desitges ser \u00fatil, desitges ajudar i rebre m\u00e9s del que dones. Si vols sentir-te \u00fatil com a persona sent voluntari tens un espai per fer-ho<\/strong>\u201d.<\/p>\n<p style=\"text-align: justify;\">Actualment, el Carles est\u00e0 a la recepci\u00f3 de la <strong>Fundaci\u00f3 Comtal<\/strong>, oferint informaci\u00f3 sobre les ofertes de treball, i a m\u00e9s participa a les activitats de suport escolar del Centre Obert Tria. Aquestes s\u00f3n tasques amb les quals se sent implicat i molt motivat. Aix\u00ed ho expressen les seves paraules: <em>\u201cSentir-se \u00fatil, veure a les persones, escoltar-les, acompanyar-les en la recerca de treball encarna una satisfacci\u00f3 personal\u201d.<\/em><\/p>\n<p style=\"text-align: justify;\"><a href=\"https:\/\/comtal.org\/wp-content\/uploads\/carlesok.jpg\"><\/a>Per a aquest mestre de secund\u00e0ria jubilat ser voluntari \u00e9s tenir la possibilitat de continuar amb la seva tasca educativa: <em>\u201c<strong>Les persones s\u00f3n les mateixes, varien les situacions.<\/strong> Qualsevol edat, qualsevol circumst\u00e0ncia\u2026<strong>l&#8217;important \u00e9s ajudar en el proc\u00e9s de creixement a trav\u00e9s de l&#8217;educaci\u00f3<\/strong>\u201d.<\/em><\/p>\n<p style=\"text-align: justify;\">Des del 2008, el Carles ofereix suport escolar a un jove amb discapacitat que t\u00e9 problemes per seguir el ritme normal de les classes i que es veu afectat per un alt risc d&#8217;exclusi\u00f3. Despr\u00e9s de tres anys de col\u00b7laboraci\u00f3, <strong>el Carles est\u00e0 content amb els resultats: veu com el jove ha refor\u00e7at la seva autoestima, ha millorat la seva organitzaci\u00f3 personal i ha adquirit eines \u00fatils que li ajudaran a trobar un treball.<\/strong><\/p>\n<p style=\"text-align: justify;\">Ara per ara, el Carles est\u00e0 m\u00e9s comprom\u00e8s i identificat amb la visi\u00f3 humanit\u00e0ria i solid\u00e0ria que promou la <strong>Fundaci\u00f3 Comtal<\/strong>, ja que <strong>aquesta entitat actua com <\/strong><em><strong>\u201cun espai per a la autoreflexi\u00f3 i el creixement personal\u201d<\/strong>.<\/em> <strong>S&#8217;ofereix un servei diari a joves que necessiten un acompanyament escolar i hum\u00e0.<\/strong> El\/la voluntari\/a veu amb orgull com els joves adquireixen <em>\u201cuna metodologia per pensar i organitzar-se millor de cara al futur. Veure el progr\u00e9s en els infants i joves \u00e9s la millor satisfacci\u00f3\u201d<\/em>, subratlla el Carles.<\/p>\n","protected":false},"excerpt":{"rendered":"<p>El Carles Rafart \u00e9s voluntari des de fa quatre anys i es mostra molt satisfet amb el cam\u00ed que ha recorregut fins ara. Despr\u00e9s de 47 anys com a educador [&hellip;]<\/p>\n","protected":false},"author":2,"featured_media":13154,"comment_status":"closed","ping_status":"closed","sticky":false,"template":"","format":"standard","meta":{"footnotes":""},"categories":[277],"tags":[],"class_list":["post-13153","post","type-post","status-publish","format-standard","has-post-thumbnail","hentry","category-testimonials"],"_links":{"self":[{"href":"https:\/\/comtal.org\/es\/wp-json\/wp\/v2\/posts\/13153","targetHints":{"allow":["GET"]}}],"collection":[{"href":"https:\/\/comtal.org\/es\/wp-json\/wp\/v2\/posts"}],"about":[{"href":"https:\/\/comtal.org\/es\/wp-json\/wp\/v2\/types\/post"}],"author":[{"embeddable":true,"href":"https:\/\/comtal.org\/es\/wp-json\/wp\/v2\/users\/2"}],"replies":[{"embeddable":true,"href":"https:\/\/comtal.org\/es\/wp-json\/wp\/v2\/comments?post=13153"}],"version-history":[{"count":1,"href":"https:\/\/comtal.org\/es\/wp-json\/wp\/v2\/posts\/13153\/revisions"}],"predecessor-version":[{"id":13462,"href":"https:\/\/comtal.org\/es\/wp-json\/wp\/v2\/posts\/13153\/revisions\/13462"}],"wp:featuredmedia":[{"embeddable":true,"href":"https:\/\/comtal.org\/es\/wp-json\/wp\/v2\/media\/13154"}],"wp:attachment":[{"href":"https:\/\/comtal.org\/es\/wp-json\/wp\/v2\/media?parent=13153"}],"wp:term":[{"taxonomy":"category","embeddable":true,"href":"https:\/\/comtal.org\/es\/wp-json\/wp\/v2\/categories?post=13153"},{"taxonomy":"post_tag","embeddable":true,"href":"https:\/\/comtal.org\/es\/wp-json\/wp\/v2\/tags?post=13153"}],"curies":[{"name":"wp","href":"https:\/\/api.w.org\/{rel}","templated":true}]}}