{"id":13151,"date":"2011-05-27T00:00:00","date_gmt":"2011-05-27T00:00:00","guid":{"rendered":"https:\/\/comtal.org\/per-al-record\/"},"modified":"2016-10-31T13:39:55","modified_gmt":"2016-10-31T13:39:55","slug":"per-al-record","status":"publish","type":"post","link":"https:\/\/comtal.org\/es\/per-al-record\/","title":{"rendered":"Per al record&#8230;"},"content":{"rendered":"<p><a href=\"https:\/\/comtal.org\/wp-content\/uploads\/portaventura.jpg\"><img loading=\"lazy\" decoding=\"async\" class=\"alignleft size-full wp-image-483\" title=\"portaventura\" src=\"https:\/\/comtal.org\/wp-content\/uploads\/portaventura.jpg\" alt=\"\" width=\"250\" height=\"220\" \/><\/a>Feia temps que en Ra\u00fcl volia visitar un parc d\u2019atraccions.  Moltes  vegades havia sentit parlar de com s\u2019ho passaven de b\u00e9 alguns  companys i  companyes de classe quan hi anaven.  Havia escoltat que hi havia atraccions d\u2019aigua, interminables tobogans i   incre\u00efbles espectacles. Sempre ho comentaven a classe i ell deixava   volar la imaginaci\u00f3.\u00a0 <strong>Mai hi havia estat, encara que somniava amb anar-hi. <\/strong> L\u2019altre dia, per fi, va poder comprovar com era all\u00f2 que tantes vegades   havia somniat, i ho va fer per la porta gran. En Ra\u00fcl, amb els seus   amics i amigues del Centre Obert Tria de la Fundaci\u00f3 Comtal, van anar a   Port Aventura.  <strong>Van passar un dia per al record<\/strong> en companyia dels seus\/ves educadors\/es i els\/les voluntaris\/es de l\u2019<strong>Associaci\u00f3 de Voluntaris de \u201cla Caixa\u201d de Barcelona<\/strong>.   Aquesta entitat va fer possible que infants com en Ra\u00fcl gaudissin d\u2019un   dia d\u2019emocions i de m\u00e0gia. Els regalaren les entrades, els convidaren a   dinar i els acompanyaren durant una jornada que mai oblidaran.  <strong>Moltes gr\u00e0cies per fer-ho possible!<\/strong><\/p>\n","protected":false},"excerpt":{"rendered":"<p>Feia temps que en Ra\u00fcl volia visitar un parc d\u2019atraccions. Moltes vegades havia sentit parlar de com s\u2019ho passaven de b\u00e9 alguns companys i companyes de classe quan hi anaven. [&hellip;]<\/p>\n","protected":false},"author":2,"featured_media":13152,"comment_status":"closed","ping_status":"closed","sticky":false,"template":"","format":"standard","meta":{"footnotes":""},"categories":[277],"tags":[],"class_list":["post-13151","post","type-post","status-publish","format-standard","has-post-thumbnail","hentry","category-testimonials"],"_links":{"self":[{"href":"https:\/\/comtal.org\/es\/wp-json\/wp\/v2\/posts\/13151","targetHints":{"allow":["GET"]}}],"collection":[{"href":"https:\/\/comtal.org\/es\/wp-json\/wp\/v2\/posts"}],"about":[{"href":"https:\/\/comtal.org\/es\/wp-json\/wp\/v2\/types\/post"}],"author":[{"embeddable":true,"href":"https:\/\/comtal.org\/es\/wp-json\/wp\/v2\/users\/2"}],"replies":[{"embeddable":true,"href":"https:\/\/comtal.org\/es\/wp-json\/wp\/v2\/comments?post=13151"}],"version-history":[{"count":1,"href":"https:\/\/comtal.org\/es\/wp-json\/wp\/v2\/posts\/13151\/revisions"}],"predecessor-version":[{"id":13463,"href":"https:\/\/comtal.org\/es\/wp-json\/wp\/v2\/posts\/13151\/revisions\/13463"}],"wp:featuredmedia":[{"embeddable":true,"href":"https:\/\/comtal.org\/es\/wp-json\/wp\/v2\/media\/13152"}],"wp:attachment":[{"href":"https:\/\/comtal.org\/es\/wp-json\/wp\/v2\/media?parent=13151"}],"wp:term":[{"taxonomy":"category","embeddable":true,"href":"https:\/\/comtal.org\/es\/wp-json\/wp\/v2\/categories?post=13151"},{"taxonomy":"post_tag","embeddable":true,"href":"https:\/\/comtal.org\/es\/wp-json\/wp\/v2\/tags?post=13151"}],"curies":[{"name":"wp","href":"https:\/\/api.w.org\/{rel}","templated":true}]}}