{"id":13148,"date":"2011-05-23T00:00:00","date_gmt":"2011-05-23T00:00:00","guid":{"rendered":"https:\/\/comtal.org\/tamborinada-2011-juga-corre-salta-balla\/"},"modified":"2016-10-31T13:39:55","modified_gmt":"2016-10-31T13:39:55","slug":"tamborinada-2011-juga-corre-salta-balla","status":"publish","type":"post","link":"https:\/\/comtal.org\/es\/tamborinada-2011-juga-corre-salta-balla\/","title":{"rendered":"Tamborinada 2011: juga, corre, salta, balla!"},"content":{"rendered":"<p><strong><a href=\"https:\/\/comtal.org\/wp-content\/uploads\/tamborinada1.jpg\"><img loading=\"lazy\" decoding=\"async\" class=\"alignleft size-medium wp-image-480\" title=\"tamborinada\" src=\"https:\/\/comtal.org\/wp-content\/uploads\/tamborinada1.jpg\" alt=\"\" width=\"144\" height=\"300\" \/><\/a>Benvolguts voluntaris, <\/strong>  <strong>Benvolgudes volunt\u00e0ries! <\/strong>  Com cada any,  la Fundaci\u00f3  La Roda, el Comit\u00e8 Catal\u00e0 de Representants de Persones amb  Discapacitat (COCARMI) i Fundaci\u00f3 ONCE organitzaran el <strong>diumenge 29 de maig<\/strong>, <strong>d\u00b411 a 19 hores<\/strong>, la  <strong><span style=\"text-decoration: underline;\">34a edici\u00f3 de la  Tamborinada. <\/span><\/strong>  L\u2019acte tindr\u00e0 lloc, com \u00e9s  habitual, al <strong>Parc de la  Ciutadella<\/strong>, i aquesta vegada estar\u00e0 dedicat a l\u2019<strong>educaci\u00f3 en  temps de lleure a trav\u00e9s de l\u2019esport<\/strong>. Els valors que transmet l\u2019esport s\u00f3n els  mateixos que els que promouen les entitats d\u2019educaci\u00f3 en l&#8217;oci: el joc,  l\u2019esfor\u00e7, el treball en equip, les actituds proactives, la inclusi\u00f3 en un  projecte com\u00fa&#8230;  Un any m\u00e9s, <strong>la Tamborinada ser\u00e0  divertida, educativa i inclusiva, i enguany, a m\u00e9s, es podr\u00e0 gaudir d\u2019una  jornada esportiva.<\/strong> Ser\u00e0 un espai on es far\u00e0 evident la import\u00e0ncia del treball  que fan les entitats d\u2019educaci\u00f3 en el lleure durant tot l&#8217;any, i any rere any.  <strong>All\u00e0 tamb\u00e9 estarem nosaltres, de 10 a 13 hores, per si voleu venir a  ajudar-nos o, simplement, visitar aquesta activitat tan divertida per als  infants.<\/strong>  <strong>Per veure el programa complert feu click <a href=\"http:\/\/www.fundaciolaroda.cat\/images\/tamborinada2011programa.pdf\" target=\"_blank\" rel=\"noopener\">aqu\u00ed. <\/a> <\/strong>  <strong> Us hi esperem!<\/strong><\/p>\n","protected":false},"excerpt":{"rendered":"<p>Benvolguts voluntaris, Benvolgudes volunt\u00e0ries! Com cada any, la Fundaci\u00f3 La Roda, el Comit\u00e8 Catal\u00e0 de Representants de Persones amb Discapacitat (COCARMI) i Fundaci\u00f3 ONCE organitzaran el diumenge 29 de maig, [&hellip;]<\/p>\n","protected":false},"author":2,"featured_media":13149,"comment_status":"closed","ping_status":"closed","sticky":false,"template":"","format":"standard","meta":{"footnotes":""},"categories":[277],"tags":[],"class_list":["post-13148","post","type-post","status-publish","format-standard","has-post-thumbnail","hentry","category-testimonials"],"_links":{"self":[{"href":"https:\/\/comtal.org\/es\/wp-json\/wp\/v2\/posts\/13148","targetHints":{"allow":["GET"]}}],"collection":[{"href":"https:\/\/comtal.org\/es\/wp-json\/wp\/v2\/posts"}],"about":[{"href":"https:\/\/comtal.org\/es\/wp-json\/wp\/v2\/types\/post"}],"author":[{"embeddable":true,"href":"https:\/\/comtal.org\/es\/wp-json\/wp\/v2\/users\/2"}],"replies":[{"embeddable":true,"href":"https:\/\/comtal.org\/es\/wp-json\/wp\/v2\/comments?post=13148"}],"version-history":[{"count":1,"href":"https:\/\/comtal.org\/es\/wp-json\/wp\/v2\/posts\/13148\/revisions"}],"predecessor-version":[{"id":13464,"href":"https:\/\/comtal.org\/es\/wp-json\/wp\/v2\/posts\/13148\/revisions\/13464"}],"wp:featuredmedia":[{"embeddable":true,"href":"https:\/\/comtal.org\/es\/wp-json\/wp\/v2\/media\/13149"}],"wp:attachment":[{"href":"https:\/\/comtal.org\/es\/wp-json\/wp\/v2\/media?parent=13148"}],"wp:term":[{"taxonomy":"category","embeddable":true,"href":"https:\/\/comtal.org\/es\/wp-json\/wp\/v2\/categories?post=13148"},{"taxonomy":"post_tag","embeddable":true,"href":"https:\/\/comtal.org\/es\/wp-json\/wp\/v2\/tags?post=13148"}],"curies":[{"name":"wp","href":"https:\/\/api.w.org\/{rel}","templated":true}]}}