{"id":13146,"date":"2011-05-20T00:00:00","date_gmt":"2011-05-20T00:00:00","guid":{"rendered":"https:\/\/comtal.org\/quan-un-mes-un-es-molt-mes-que-dos\/"},"modified":"2016-10-31T13:39:55","modified_gmt":"2016-10-31T13:39:55","slug":"quan-un-mes-un-es-molt-mes-que-dos","status":"publish","type":"post","link":"https:\/\/comtal.org\/es\/quan-un-mes-un-es-molt-mes-que-dos\/","title":{"rendered":"Quan un m\u00e9s un \u00e9s molt m\u00e9s que dos&#8230;"},"content":{"rendered":"<p><strong><a href=\"https:\/\/comtal.org\/wp-content\/uploads\/starbucks_web.jpg\"><img loading=\"lazy\" decoding=\"async\" class=\"alignleft size-full wp-image-476\" title=\"starbucks_web\" src=\"https:\/\/comtal.org\/wp-content\/uploads\/starbucks_web.jpg\" alt=\"\" width=\"250\" height=\"220\" \/><\/a>Solidaritat i comprom\u00eds amb la comunitat. <\/strong>Aquests s\u00f3n dos dels adjectius que millor defineixen a <strong>Starbucks,<\/strong> una empresa que ha col\u00b7laborat moltes vegades amb diferents programes de la Fundaci\u00f3 Comtal, i que <strong>una vegada m\u00e9s posa el seu granet de sorra per tirar endavant un dels nostres projectes.<\/strong>  <strong>Els i les voluntaris\/es<\/strong> no ho van dubtar ni un moment: es van vestir de treball, van agafar els rodets i <strong>pintaren amb energia les instal\u00b7lacions del nou espai que en breu albergar\u00e0 part dels nostres projectes.<\/strong>  Diuen que <em>un m\u00e9s un \u00e9s molt m\u00e9s que dos, <\/em>i que<em> la suma fa la for\u00e7a<\/em>&#8230;<strong>En el nostre cas significa encara m\u00e9s<\/strong>,<strong> amb col\u00b7laboracions com la d\u00b4Starbucks estem una mica m\u00e9s a prop d\u2019aconseguir el nostre gran repte de futur.<\/strong>  De fer possible que infants com la  Joana puguin fer els deures en un bon entorn, de fer possible que joves com el Mourad realitzin tallers de cuina en unes bones instal\u00b7lacions&#8230;  <strong>Per a nosaltres i per als nostres infants i joves, el resultat d\u2019aquest ajut \u00e9s un somriure.<\/strong><\/p>\n","protected":false},"excerpt":{"rendered":"<p>Solidaritat i comprom\u00eds amb la comunitat. Aquests s\u00f3n dos dels adjectius que millor defineixen a Starbucks, una empresa que ha col\u00b7laborat moltes vegades amb diferents programes de la Fundaci\u00f3 Comtal, [&hellip;]<\/p>\n","protected":false},"author":2,"featured_media":13147,"comment_status":"closed","ping_status":"closed","sticky":false,"template":"","format":"standard","meta":{"footnotes":""},"categories":[277],"tags":[],"class_list":["post-13146","post","type-post","status-publish","format-standard","has-post-thumbnail","hentry","category-testimonials"],"_links":{"self":[{"href":"https:\/\/comtal.org\/es\/wp-json\/wp\/v2\/posts\/13146","targetHints":{"allow":["GET"]}}],"collection":[{"href":"https:\/\/comtal.org\/es\/wp-json\/wp\/v2\/posts"}],"about":[{"href":"https:\/\/comtal.org\/es\/wp-json\/wp\/v2\/types\/post"}],"author":[{"embeddable":true,"href":"https:\/\/comtal.org\/es\/wp-json\/wp\/v2\/users\/2"}],"replies":[{"embeddable":true,"href":"https:\/\/comtal.org\/es\/wp-json\/wp\/v2\/comments?post=13146"}],"version-history":[{"count":1,"href":"https:\/\/comtal.org\/es\/wp-json\/wp\/v2\/posts\/13146\/revisions"}],"predecessor-version":[{"id":13465,"href":"https:\/\/comtal.org\/es\/wp-json\/wp\/v2\/posts\/13146\/revisions\/13465"}],"wp:featuredmedia":[{"embeddable":true,"href":"https:\/\/comtal.org\/es\/wp-json\/wp\/v2\/media\/13147"}],"wp:attachment":[{"href":"https:\/\/comtal.org\/es\/wp-json\/wp\/v2\/media?parent=13146"}],"wp:term":[{"taxonomy":"category","embeddable":true,"href":"https:\/\/comtal.org\/es\/wp-json\/wp\/v2\/categories?post=13146"},{"taxonomy":"post_tag","embeddable":true,"href":"https:\/\/comtal.org\/es\/wp-json\/wp\/v2\/tags?post=13146"}],"curies":[{"name":"wp","href":"https:\/\/api.w.org\/{rel}","templated":true}]}}