{"id":13142,"date":"2011-05-18T00:00:00","date_gmt":"2011-05-18T00:00:00","guid":{"rendered":"https:\/\/comtal.org\/voluntariat-es-el-teu-torn-vine-al-xvii-forum-la-primavera-de-les-associacions-hi-estas-convidat\/"},"modified":"2016-10-31T13:39:55","modified_gmt":"2016-10-31T13:39:55","slug":"voluntariat-es-el-teu-torn-vine-al-xvii-forum-la-primavera-de-les-associacions-hi-estas-convidat","status":"publish","type":"post","link":"https:\/\/comtal.org\/es\/voluntariat-es-el-teu-torn-vine-al-xvii-forum-la-primavera-de-les-associacions-hi-estas-convidat\/","title":{"rendered":"Voluntariat, \u00e9s el teu torn! Vine al XVII F\u00f2rum La Primavera de les Associacions. Hi est\u00e0s convidat!"},"content":{"rendered":"<p><a href=\"https:\/\/comtal.org\/wp-content\/uploads\/forum.jpg\"><img loading=\"lazy\" decoding=\"async\" class=\"alignleft size-full wp-image-468\" title=\"forum\" src=\"https:\/\/comtal.org\/wp-content\/uploads\/forum.jpg\" alt=\"\" width=\"200\" height=\"142\" \/><\/a>Benvolguts i benvolgudes,  Torre Jussana us convida a participar en el <strong>XVII F\u00f2rum La Primavera de les Associacions q<\/strong><strong>ue enguany, Any Europeu del Voluntariat<\/strong>, <strong>est\u00e0 dedicat a reflexionar i debatre sobre el paper del voluntariat en l&#8217;actualitat i els reptes als quals haur\u00e0 de fer front, en especial en el moment actual de crisi econ\u00f2mica, donant veu als principals protagonistes: els voluntaris i les volunt\u00e0ries, i les organitzacions que en donen suport.<\/strong>  <strong>Dies:<\/strong> divendres 27 de maig (de 18.30 a 20.30h) &#8211; dissabte 28 de maig (de 10 a 14h)  <strong>Lloc: <\/strong>Torre Jussana &#8211; Centre de Serveis a les Associacions. Av. Cardenal Vidal i Barraquer, 30. Metro L5 Horta, L3 Montbau.  <strong>Inscripcions: <\/strong>a trav\u00e9s del seg\u00fcent <a href=\"https:\/\/spreadsheets.google.com\/spreadsheet\/viewform?formkey=dHZJWl9hVWFTZDg2d2JvRTYwNGRyLXc6MQ\" target=\"_blank\" rel=\"noopener\">enlla\u00e7<\/a> o de la p\u00e0gina web <a href=\"http:\/\/www.bcn.cat\/tjussana\" target=\"_blank\" rel=\"noopener\">www.bcn.cat\/tjussana<\/a>  <strong> Per a m\u00e9s informaci\u00f3:<\/strong>  Torre Jussana &#8211; Centre de Serveis a les Associacions  Avg. Cardenal Vidal i Barraquer, 30 | 08035 Barcelona  932 564 118 | Fax 932 564 086  www.bcn.cat\/tjussana | facebook.com\/torrejussana | twitter.com\/tjussana<\/p>\n","protected":false},"excerpt":{"rendered":"<p>Benvolguts i benvolgudes, Torre Jussana us convida a participar en el XVII F\u00f2rum La Primavera de les Associacions que enguany, Any Europeu del Voluntariat, est\u00e0 dedicat a reflexionar i debatre [&hellip;]<\/p>\n","protected":false},"author":2,"featured_media":13143,"comment_status":"closed","ping_status":"closed","sticky":false,"template":"","format":"standard","meta":{"footnotes":""},"categories":[277],"tags":[],"class_list":["post-13142","post","type-post","status-publish","format-standard","has-post-thumbnail","hentry","category-testimonials"],"_links":{"self":[{"href":"https:\/\/comtal.org\/es\/wp-json\/wp\/v2\/posts\/13142","targetHints":{"allow":["GET"]}}],"collection":[{"href":"https:\/\/comtal.org\/es\/wp-json\/wp\/v2\/posts"}],"about":[{"href":"https:\/\/comtal.org\/es\/wp-json\/wp\/v2\/types\/post"}],"author":[{"embeddable":true,"href":"https:\/\/comtal.org\/es\/wp-json\/wp\/v2\/users\/2"}],"replies":[{"embeddable":true,"href":"https:\/\/comtal.org\/es\/wp-json\/wp\/v2\/comments?post=13142"}],"version-history":[{"count":1,"href":"https:\/\/comtal.org\/es\/wp-json\/wp\/v2\/posts\/13142\/revisions"}],"predecessor-version":[{"id":13468,"href":"https:\/\/comtal.org\/es\/wp-json\/wp\/v2\/posts\/13142\/revisions\/13468"}],"wp:featuredmedia":[{"embeddable":true,"href":"https:\/\/comtal.org\/es\/wp-json\/wp\/v2\/media\/13143"}],"wp:attachment":[{"href":"https:\/\/comtal.org\/es\/wp-json\/wp\/v2\/media?parent=13142"}],"wp:term":[{"taxonomy":"category","embeddable":true,"href":"https:\/\/comtal.org\/es\/wp-json\/wp\/v2\/categories?post=13142"},{"taxonomy":"post_tag","embeddable":true,"href":"https:\/\/comtal.org\/es\/wp-json\/wp\/v2\/tags?post=13142"}],"curies":[{"name":"wp","href":"https:\/\/api.w.org\/{rel}","templated":true}]}}