{"id":13140,"date":"2011-05-18T00:00:00","date_gmt":"2011-05-18T00:00:00","guid":{"rendered":"https:\/\/comtal.org\/endinsar-me-en-el-mon-del-voluntariat-ha-estat-una-oportunitat-per-satisfer-una-de-les-meves-inquietuds\/"},"modified":"2016-10-31T13:39:55","modified_gmt":"2016-10-31T13:39:55","slug":"endinsar-me-en-el-mon-del-voluntariat-ha-estat-una-oportunitat-per-satisfer-una-de-les-meves-inquietuds","status":"publish","type":"post","link":"https:\/\/comtal.org\/es\/endinsar-me-en-el-mon-del-voluntariat-ha-estat-una-oportunitat-per-satisfer-una-de-les-meves-inquietuds\/","title":{"rendered":"\u201cEndinsar-me en el m\u00f3n del Voluntariat  ha estat una oportunitat per satisfer una de les meves inquietuds\u201d"},"content":{"rendered":"<p><a href=\"https:\/\/comtal.org\/wp-content\/uploads\/maru.jpg\"><img loading=\"lazy\" decoding=\"async\" class=\"alignleft size-full wp-image-463\" title=\"maru\" src=\"https:\/\/comtal.org\/wp-content\/uploads\/maru.jpg\" alt=\"\" width=\"250\" height=\"220\" \/><\/a>La <strong>Maria Jes\u00fas Cayuelas (Maru per als\/les amics\/gues) <\/strong>fa tres mesos que \u00e9s volunt\u00e0ria de la Fundaci\u00f3 Comtal i, encara que porta poc temps, afirma que la seva experi\u00e8ncia est\u00e0 sent molt satisfact\u00f2ria.  Durant 25 anys va \u00a0treballar a l\u2019 Ag\u00e8ncia Catalana Del Consum<strong> <\/strong>i <strong>quan va jubilar-se va decidir invertir el seu temps lliure a ajudar els altres.<\/strong> Per a la Maru no va ser gens dif\u00edcil prendre la decisi\u00f3 de fer-se volunt\u00e0ria, ja que <strong>t\u00e9 molta motivaci\u00f3 i ganes d\u2019ajudar els altres<\/strong>.  Per aix\u00f2, es va posar en contacte amb la  Fundaci\u00f3 Comtal i de seguida va ser entrevistada. La seva intenci\u00f3 era col\u00b7laborar en tot el que fes falta.  <strong>Actualment, la seva tasca consisteix a ajudar els infants a fer els deures, resoldre dubtes i fer refor\u00e7 de les assignatures que fan a l\u2019escola<\/strong>.<strong> Tamb\u00e9 s\u2019encarrega de la tutoria d\u2019un dels nens de la Fundaci\u00f3, i durant el Casal d\u2019Hivern<\/strong>, que es va organitzar per la setmana blanca a l\u2019escola Pere Vila,\u00a0 <strong>va estar col\u00b7laborant a l\u2019hora del menjador i fent diferents jocs despr\u00e9s de dinar amb els i les m\u00e9s petits\/es.<\/strong>  La Maru sempre ha tingut molta iniciativa i ganes d\u2019ajudar els altres. Aix\u00ed ho evidencien les seves paraules: <em>\u201cEndinsar-me en el m\u00f3n del Voluntariat \u00a0ha estat una oportunitat per satisfer una de les meves inquietuds\u201d.<\/em><\/p>\n","protected":false},"excerpt":{"rendered":"<p>La Maria Jes\u00fas Cayuelas (Maru per als\/les amics\/gues) fa tres mesos que \u00e9s volunt\u00e0ria de la Fundaci\u00f3 Comtal i, encara que porta poc temps, afirma que la seva experi\u00e8ncia est\u00e0 [&hellip;]<\/p>\n","protected":false},"author":2,"featured_media":13141,"comment_status":"closed","ping_status":"closed","sticky":false,"template":"","format":"standard","meta":{"footnotes":""},"categories":[277],"tags":[],"class_list":["post-13140","post","type-post","status-publish","format-standard","has-post-thumbnail","hentry","category-testimonials"],"_links":{"self":[{"href":"https:\/\/comtal.org\/es\/wp-json\/wp\/v2\/posts\/13140","targetHints":{"allow":["GET"]}}],"collection":[{"href":"https:\/\/comtal.org\/es\/wp-json\/wp\/v2\/posts"}],"about":[{"href":"https:\/\/comtal.org\/es\/wp-json\/wp\/v2\/types\/post"}],"author":[{"embeddable":true,"href":"https:\/\/comtal.org\/es\/wp-json\/wp\/v2\/users\/2"}],"replies":[{"embeddable":true,"href":"https:\/\/comtal.org\/es\/wp-json\/wp\/v2\/comments?post=13140"}],"version-history":[{"count":1,"href":"https:\/\/comtal.org\/es\/wp-json\/wp\/v2\/posts\/13140\/revisions"}],"predecessor-version":[{"id":13467,"href":"https:\/\/comtal.org\/es\/wp-json\/wp\/v2\/posts\/13140\/revisions\/13467"}],"wp:featuredmedia":[{"embeddable":true,"href":"https:\/\/comtal.org\/es\/wp-json\/wp\/v2\/media\/13141"}],"wp:attachment":[{"href":"https:\/\/comtal.org\/es\/wp-json\/wp\/v2\/media?parent=13140"}],"wp:term":[{"taxonomy":"category","embeddable":true,"href":"https:\/\/comtal.org\/es\/wp-json\/wp\/v2\/categories?post=13140"},{"taxonomy":"post_tag","embeddable":true,"href":"https:\/\/comtal.org\/es\/wp-json\/wp\/v2\/tags?post=13140"}],"curies":[{"name":"wp","href":"https:\/\/api.w.org\/{rel}","templated":true}]}}