{"id":13135,"date":"2011-05-09T00:00:00","date_gmt":"2011-05-09T00:00:00","guid":{"rendered":"https:\/\/comtal.org\/quan-el-protagonista-ets-tu\/"},"modified":"2016-10-31T13:39:55","modified_gmt":"2016-10-31T13:39:55","slug":"quan-el-protagonista-ets-tu","status":"publish","type":"post","link":"https:\/\/comtal.org\/es\/quan-el-protagonista-ets-tu\/","title":{"rendered":"Quan el protagonista ets tu&#8230;"},"content":{"rendered":"<p><a href=\"https:\/\/comtal.org\/wp-content\/uploads\/trobada1.jpg\"><img loading=\"lazy\" decoding=\"async\" class=\"alignleft size-full wp-image-451\" title=\"trobada\" src=\"https:\/\/comtal.org\/wp-content\/uploads\/trobada1.jpg\" alt=\"\" width=\"250\" height=\"220\" \/><\/a>El dia<strong> 2 de maig <\/strong>vam realitzar una <strong>trobada per als voluntaris i volunt\u00e0ries<\/strong> de la Fundaci\u00f3 Comtal.  Va ser un <strong>bon moment per fer balan\u00e7 de les tasques realitzades <\/strong>durant el segon trimestre de l\u2019any, per parlar, per compartir i, en definitiva, per <strong>aprendre de l\u2019experi\u00e8ncia dels altres, cohesionar el grup i treballar el sentiment de pertinen\u00e7a a l\u2019entitat. <\/strong>  A l\u2019acte es va fer una <strong>din\u00e0mica<\/strong> on els mateixos voluntaris\/es van destacar quines s\u00f3n les<strong> habilitats m\u00e9s importants per ajudar els altres <\/strong>i van posar sobre la taula algunes de seves les <strong>viv\u00e8ncies m\u00e9s personals. <\/strong>  En aquest sentit, <strong>l&#8217;instant m\u00e9s emotiu va arribar quan els voluntaris i volunt\u00e0ries van recordar alguns dels moments que han viscut amb els infants del Centre Obert Tria<\/strong>:<em> \u00abel somriure d&#8217;un nen quan jugava al Casal d\u2019Hivern, el seu agra\u00efment quan els ajudem a fer els deures\u00bb..<\/em>. En relaci\u00f3 a les capacitats necess\u00e0ries per fer Voluntariat es va subratllar que era important <strong>saber despertar inquietuds, saber escoltar, ser creatiu, tenir humor i empatia.<\/strong>  Finalment, es va realitzar una <strong>presentaci\u00f3 de les activitats previstes per al tercer trimestre<\/strong> de l\u2019any, i la jornada va acabar amb un pica-pica on vam <strong>continuar coneixent-nos i parlant dels propers reptes de la nostra tasca solid\u00e0ria. <\/strong>  <strong>Gr\u00e0cies per participar-hi! <\/strong><\/p>\n","protected":false},"excerpt":{"rendered":"<p>El dia 2 de maig vam realitzar una trobada per als voluntaris i volunt\u00e0ries de la Fundaci\u00f3 Comtal. Va ser un bon moment per fer balan\u00e7 de les tasques realitzades [&hellip;]<\/p>\n","protected":false},"author":2,"featured_media":13136,"comment_status":"closed","ping_status":"closed","sticky":false,"template":"","format":"standard","meta":{"footnotes":""},"categories":[277],"tags":[],"class_list":["post-13135","post","type-post","status-publish","format-standard","has-post-thumbnail","hentry","category-testimonials"],"_links":{"self":[{"href":"https:\/\/comtal.org\/es\/wp-json\/wp\/v2\/posts\/13135","targetHints":{"allow":["GET"]}}],"collection":[{"href":"https:\/\/comtal.org\/es\/wp-json\/wp\/v2\/posts"}],"about":[{"href":"https:\/\/comtal.org\/es\/wp-json\/wp\/v2\/types\/post"}],"author":[{"embeddable":true,"href":"https:\/\/comtal.org\/es\/wp-json\/wp\/v2\/users\/2"}],"replies":[{"embeddable":true,"href":"https:\/\/comtal.org\/es\/wp-json\/wp\/v2\/comments?post=13135"}],"version-history":[{"count":1,"href":"https:\/\/comtal.org\/es\/wp-json\/wp\/v2\/posts\/13135\/revisions"}],"predecessor-version":[{"id":13470,"href":"https:\/\/comtal.org\/es\/wp-json\/wp\/v2\/posts\/13135\/revisions\/13470"}],"wp:featuredmedia":[{"embeddable":true,"href":"https:\/\/comtal.org\/es\/wp-json\/wp\/v2\/media\/13136"}],"wp:attachment":[{"href":"https:\/\/comtal.org\/es\/wp-json\/wp\/v2\/media?parent=13135"}],"wp:term":[{"taxonomy":"category","embeddable":true,"href":"https:\/\/comtal.org\/es\/wp-json\/wp\/v2\/categories?post=13135"},{"taxonomy":"post_tag","embeddable":true,"href":"https:\/\/comtal.org\/es\/wp-json\/wp\/v2\/tags?post=13135"}],"curies":[{"name":"wp","href":"https:\/\/api.w.org\/{rel}","templated":true}]}}