{"id":13122,"date":"2011-04-08T00:00:00","date_gmt":"2011-04-08T00:00:00","guid":{"rendered":"https:\/\/comtal.org\/ja-tenim-el-guanyadora-de-la-rifa-solidaria\/"},"modified":"2016-10-31T13:39:56","modified_gmt":"2016-10-31T13:39:56","slug":"ja-tenim-el-guanyadora-de-la-rifa-solidaria","status":"publish","type":"post","link":"https:\/\/comtal.org\/es\/ja-tenim-el-guanyadora-de-la-rifa-solidaria\/","title":{"rendered":"Ja tenim el guanyador\/a de la rifa solid\u00e0ria!"},"content":{"rendered":"<p><a href=\"https:\/\/comtal.org\/wp-content\/uploads\/joan.jpg\"><img loading=\"lazy\" decoding=\"async\" class=\"alignleft size-medium wp-image-423\" title=\"joan\" src=\"https:\/\/comtal.org\/wp-content\/uploads\/joan.jpg\" alt=\"\" width=\"300\" height=\"263\" \/><\/a>El dia <strong>7 d\u2019abril <\/strong>vam realitzar el <strong>sorteig de la samarreta signada del Bar\u00e7a<\/strong> <strong>entre totes les persones que van fer el seu donatiu <\/strong>a trav\u00e9s de la p\u00e0gina de <a href=\"http:\/\/www.migranodearena.org\/fundacio-comtal2\" target=\"_blank\" rel=\"noopener\">Migranodearena<\/a>.  L\u2019acte es va realitzar al local de Forn de la Fonda de la Fundaci\u00f3 Comtal i\u00a0 va comptar amb la pres\u00e8ncia del <strong>Gm\u00e0. Javier N\u00fa\u00f1ez, patr\u00f3 de l\u2019entitat<\/strong>, de l\u2019<strong>Anna-bel Carbonell, directora<\/strong>, i del <strong>voluntari Joan Baptiste<\/strong>, que va posar la m\u00e0 innocent i va treure la papereta amb el codi guanyador.  <strong>I aquest n\u00famero \u00e9s el: 110326122758. <\/strong>  En breu ens posarem en contacte amb la persona guanyadora de la rifa. <strong>Per   saber si has estat tu l\u2019afortunat\/da del sorteig\u00a0 nom\u00e9s has de revisar   l\u2019e-mail que vas rebre quan vas fer la teva aportaci\u00f3. <\/strong>  La data de lliurament de la samarreta la concretarem amb la persona que tingui el codi guanyador, que <strong>aquest dia haur\u00e0 de portar el justificant de La Caixa.<\/strong>  <strong>Moltes felicitats per al guanyador\/a i gr\u00e0cies per col\u00b7laborar amb la Fundaci\u00f3 Comtal!<\/strong><\/p>\n","protected":false},"excerpt":{"rendered":"<p>El dia 7 d\u2019abril vam realitzar el sorteig de la samarreta signada del Bar\u00e7a entre totes les persones que van fer el seu donatiu a trav\u00e9s de la p\u00e0gina de [&hellip;]<\/p>\n","protected":false},"author":2,"featured_media":13123,"comment_status":"closed","ping_status":"closed","sticky":false,"template":"","format":"standard","meta":{"footnotes":""},"categories":[277],"tags":[],"class_list":["post-13122","post","type-post","status-publish","format-standard","has-post-thumbnail","hentry","category-testimonials"],"_links":{"self":[{"href":"https:\/\/comtal.org\/es\/wp-json\/wp\/v2\/posts\/13122","targetHints":{"allow":["GET"]}}],"collection":[{"href":"https:\/\/comtal.org\/es\/wp-json\/wp\/v2\/posts"}],"about":[{"href":"https:\/\/comtal.org\/es\/wp-json\/wp\/v2\/types\/post"}],"author":[{"embeddable":true,"href":"https:\/\/comtal.org\/es\/wp-json\/wp\/v2\/users\/2"}],"replies":[{"embeddable":true,"href":"https:\/\/comtal.org\/es\/wp-json\/wp\/v2\/comments?post=13122"}],"version-history":[{"count":1,"href":"https:\/\/comtal.org\/es\/wp-json\/wp\/v2\/posts\/13122\/revisions"}],"predecessor-version":[{"id":13476,"href":"https:\/\/comtal.org\/es\/wp-json\/wp\/v2\/posts\/13122\/revisions\/13476"}],"wp:featuredmedia":[{"embeddable":true,"href":"https:\/\/comtal.org\/es\/wp-json\/wp\/v2\/media\/13123"}],"wp:attachment":[{"href":"https:\/\/comtal.org\/es\/wp-json\/wp\/v2\/media?parent=13122"}],"wp:term":[{"taxonomy":"category","embeddable":true,"href":"https:\/\/comtal.org\/es\/wp-json\/wp\/v2\/categories?post=13122"},{"taxonomy":"post_tag","embeddable":true,"href":"https:\/\/comtal.org\/es\/wp-json\/wp\/v2\/tags?post=13122"}],"curies":[{"name":"wp","href":"https:\/\/api.w.org\/{rel}","templated":true}]}}