{"id":13120,"date":"2011-04-06T00:00:00","date_gmt":"2011-04-06T00:00:00","guid":{"rendered":"https:\/\/comtal.org\/1-130-gracies\/"},"modified":"2016-10-31T13:39:56","modified_gmt":"2016-10-31T13:39:56","slug":"1-130-gracies","status":"publish","type":"post","link":"https:\/\/comtal.org\/es\/1-130-gracies\/","title":{"rendered":"1.130 gr\u00e0cies!!!"},"content":{"rendered":"<p><strong><a href=\"https:\/\/comtal.org\/wp-content\/uploads\/gracies.jpg\"><img loading=\"lazy\" decoding=\"async\" class=\"alignleft size-full wp-image-419\" title=\"gracies\" src=\"https:\/\/comtal.org\/wp-content\/uploads\/gracies.jpg\" alt=\"\" width=\"250\" height=\"220\" \/><\/a>Gr\u00e0cies per col\u00b7laborar amb la rifa solid\u00e0ria de la samarreta del Bar\u00e7a. <\/strong>Amb el teu donatiu hem aconseguit <strong>1.130 euros<\/strong> que ens serviran per continuar treballant per millorar la qualitat de vida d\u2019infants, adolescents i joves de Ciutat Vella.  Amb la teva aportaci\u00f3 has fet possible que infants com la Sahar puguin  fer els deures acompanyats, enlloc d\u2019esperar a la pla\u00e7a que els seus  pares tornin de treballar. Amb el teu ajut joves com el Mohammed tindran  m\u00e9s possibilitats de trobar feina perqu\u00e8 estan fent un curs on aprenen  una professi\u00f3.  <strong>Amb la teva col\u00b7laboraci\u00f3 has posat un granet de sorra perqu\u00e8 aquestes persones tinguin oportunitats de futur.<\/strong>  Recordem que el dia <strong>7 d\u2019abril a les 10 hores <\/strong>en el local de <strong>Forn de la Fonda 5 <\/strong>realitzarem el <strong>sorteig entre totes les persones que hagin fet el seu donatiu.<\/strong> Un voluntari de la Fundaci\u00f3 Comtal ser\u00e0 la m\u00e0 innocent que desvetllar\u00e0  qui s\u2019endur\u00e0 la samarreta. Ser\u00e0 un acte p\u00fablic al qual est\u00e0s convidat\/da  a assistir-hi.  <strong>El resultat es far\u00e0 p\u00fablic<\/strong> el dia seg\u00fcent a la web de la Fundaci\u00f3 Comtal <strong>www.comtal.org <\/strong>  La data de lliurament de la samarreta el concretarem amb la persona  benefici\u00e0ria del sorteig, que aquest dia haur\u00e0 de portar el justificant  de La Caixa.  Per a m\u00e9s informaci\u00f3 pots trucar al tel\u00e8fon <strong>93 295 46 36<\/strong> o enviar un e-mail a <strong>comunicacio@comtal.org (Laura Herrero).<\/strong>  <strong>MOLTES GR\u00c0CIES I MOLTA SORT!!!<\/strong><\/p>\n","protected":false},"excerpt":{"rendered":"<p>Gr\u00e0cies per col\u00b7laborar amb la rifa solid\u00e0ria de la samarreta del Bar\u00e7a. Amb el teu donatiu hem aconseguit 1.130 euros que ens serviran per continuar treballant per millorar la qualitat [&hellip;]<\/p>\n","protected":false},"author":2,"featured_media":13121,"comment_status":"closed","ping_status":"closed","sticky":false,"template":"","format":"standard","meta":{"footnotes":""},"categories":[277],"tags":[],"class_list":["post-13120","post","type-post","status-publish","format-standard","has-post-thumbnail","hentry","category-testimonials"],"_links":{"self":[{"href":"https:\/\/comtal.org\/es\/wp-json\/wp\/v2\/posts\/13120","targetHints":{"allow":["GET"]}}],"collection":[{"href":"https:\/\/comtal.org\/es\/wp-json\/wp\/v2\/posts"}],"about":[{"href":"https:\/\/comtal.org\/es\/wp-json\/wp\/v2\/types\/post"}],"author":[{"embeddable":true,"href":"https:\/\/comtal.org\/es\/wp-json\/wp\/v2\/users\/2"}],"replies":[{"embeddable":true,"href":"https:\/\/comtal.org\/es\/wp-json\/wp\/v2\/comments?post=13120"}],"version-history":[{"count":1,"href":"https:\/\/comtal.org\/es\/wp-json\/wp\/v2\/posts\/13120\/revisions"}],"predecessor-version":[{"id":13477,"href":"https:\/\/comtal.org\/es\/wp-json\/wp\/v2\/posts\/13120\/revisions\/13477"}],"wp:featuredmedia":[{"embeddable":true,"href":"https:\/\/comtal.org\/es\/wp-json\/wp\/v2\/media\/13121"}],"wp:attachment":[{"href":"https:\/\/comtal.org\/es\/wp-json\/wp\/v2\/media?parent=13120"}],"wp:term":[{"taxonomy":"category","embeddable":true,"href":"https:\/\/comtal.org\/es\/wp-json\/wp\/v2\/categories?post=13120"},{"taxonomy":"post_tag","embeddable":true,"href":"https:\/\/comtal.org\/es\/wp-json\/wp\/v2\/tags?post=13120"}],"curies":[{"name":"wp","href":"https:\/\/api.w.org\/{rel}","templated":true}]}}