{"id":13106,"date":"2011-02-08T00:00:00","date_gmt":"2011-02-08T00:00:00","guid":{"rendered":"https:\/\/comtal.org\/a-lany-europeu-del-voluntariat-marca-la-diferencia\/"},"modified":"2016-10-31T13:39:56","modified_gmt":"2016-10-31T13:39:56","slug":"a-lany-europeu-del-voluntariat-marca-la-diferencia","status":"publish","type":"post","link":"https:\/\/comtal.org\/es\/a-lany-europeu-del-voluntariat-marca-la-diferencia\/","title":{"rendered":"A l\u2019Any Europeu del Voluntariat marca la difer\u00e8ncia!"},"content":{"rendered":"<p><a href=\"https:\/\/comtal.org\/wp-content\/uploads\/manos-copia1.jpg\"><img loading=\"lazy\" decoding=\"async\" class=\"alignleft size-medium wp-image-364\" title=\"manos copia\" src=\"https:\/\/comtal.org\/wp-content\/uploads\/manos-copia1.jpg\" alt=\"\" width=\"300\" height=\"199\" \/><\/a>2011 \u00e9s l\u2019any dedicat als voluntaris i volunt\u00e0ries! En tota la Uni\u00f3 Europea ha comen\u00e7at <strong>l\u2019Any Europeu del Voluntariat<\/strong> (AEV), que amb el lema <strong>\u201cFes-te voluntari\/a, marca la difer\u00e8ncia\u201d<\/strong> els voluntaris i volunt\u00e0ries de l\u2019AEV recorreran tota Europa per apropar-se al conjunt de la societat. A m\u00e9s a m\u00e9s, amb confer\u00e8ncies i exposicions donaran a con\u00e8ixer les seves extraordin\u00e0ries hist\u00f2ries, destacant el valor del <strong>comprom\u00eds hum\u00e0<\/strong> que mou a les persones que donen part del seu temps als altres. Els objectius marcats per aquest any son el intercanvi d\u2019experi\u00e8ncies i bones pr\u00e0ctiques que donin a con\u00e8ixer a la societat les tasques tan necess\u00e0ries i enriquidores que tot el col\u2022lectiu realitza per fer d\u2019aquest <strong>un m\u00f3n una mica millor<\/strong>. En aquest sentit, una meta clara ser\u00e0 augmentar el nombre de voluntaris i volunt\u00e0ries i fer una campanya de <strong>sensibilitzaci\u00f3<\/strong> per afavorir aquestes organitzacions a dins de les nostres societats. Una part important de l\u2019acci\u00f3 del programa d\u2019aquest Any Europeu del Voluntariat ser\u00e0 la de recon\u00e8ixer les activitats dels voluntaris i volunt\u00e0ries, i millorar la qualitat i condicions del col\u2022lectiu. El <strong>reconeixement<\/strong> per la Uni\u00f3 Europea de les funcions realitzades des de les associacions i organitzacions solid\u00e0ries suposa treure a la llum la import\u00e0ncia del treball del Voluntariat. \u00c9s una forma de donar a con\u00e8ixer a totes aquelles persones que de forma an\u00f2nima i desinteressada dediquen una part de les seves vides a ajudar i millorar el m\u00f3n que ens envolta. \u00c9s la confirmaci\u00f3 del creixement que la <strong>consci\u00e8ncia solid\u00e0ria<\/strong> ha experimentat en la societat civil com a part indispensable en l\u2019\u00e0mbit de l\u2019ajuda al desenvolupament.  Si com a voluntari o volunt\u00e0ria, <strong>vols participar<\/strong> en aquest Any Europeu del Voluntariat, comparteix amb tothom la teva pr\u00f2pia hist\u00f2ria solid\u00e0ria en aquesta <a href=\"http:\/\/europa.eu\/volunteering\/es\/my-story \" target=\"_blank\" rel=\"noopener\">web<\/a>.  <strong>Article fet pel Max Vi\u00f1olo, voluntari del departament de Comunicaci\u00f3.<\/strong><\/p>\n","protected":false},"excerpt":{"rendered":"<p>2011 \u00e9s l\u2019any dedicat als voluntaris i volunt\u00e0ries! En tota la Uni\u00f3 Europea ha comen\u00e7at l\u2019Any Europeu del Voluntariat (AEV), que amb el lema \u201cFes-te voluntari\/a, marca la difer\u00e8ncia\u201d els [&hellip;]<\/p>\n","protected":false},"author":2,"featured_media":13107,"comment_status":"closed","ping_status":"closed","sticky":false,"template":"","format":"standard","meta":{"footnotes":""},"categories":[277],"tags":[],"class_list":["post-13106","post","type-post","status-publish","format-standard","has-post-thumbnail","hentry","category-testimonials"],"_links":{"self":[{"href":"https:\/\/comtal.org\/es\/wp-json\/wp\/v2\/posts\/13106","targetHints":{"allow":["GET"]}}],"collection":[{"href":"https:\/\/comtal.org\/es\/wp-json\/wp\/v2\/posts"}],"about":[{"href":"https:\/\/comtal.org\/es\/wp-json\/wp\/v2\/types\/post"}],"author":[{"embeddable":true,"href":"https:\/\/comtal.org\/es\/wp-json\/wp\/v2\/users\/2"}],"replies":[{"embeddable":true,"href":"https:\/\/comtal.org\/es\/wp-json\/wp\/v2\/comments?post=13106"}],"version-history":[{"count":1,"href":"https:\/\/comtal.org\/es\/wp-json\/wp\/v2\/posts\/13106\/revisions"}],"predecessor-version":[{"id":13483,"href":"https:\/\/comtal.org\/es\/wp-json\/wp\/v2\/posts\/13106\/revisions\/13483"}],"wp:featuredmedia":[{"embeddable":true,"href":"https:\/\/comtal.org\/es\/wp-json\/wp\/v2\/media\/13107"}],"wp:attachment":[{"href":"https:\/\/comtal.org\/es\/wp-json\/wp\/v2\/media?parent=13106"}],"wp:term":[{"taxonomy":"category","embeddable":true,"href":"https:\/\/comtal.org\/es\/wp-json\/wp\/v2\/categories?post=13106"},{"taxonomy":"post_tag","embeddable":true,"href":"https:\/\/comtal.org\/es\/wp-json\/wp\/v2\/tags?post=13106"}],"curies":[{"name":"wp","href":"https:\/\/api.w.org\/{rel}","templated":true}]}}