{"id":13103,"date":"2010-12-21T00:00:00","date_gmt":"2010-12-21T00:00:00","guid":{"rendered":"https:\/\/comtal.org\/jugant-sentenen-elsles-voluntarises\/"},"modified":"2016-10-31T13:39:56","modified_gmt":"2016-10-31T13:39:56","slug":"jugant-sentenen-elsles-voluntarises","status":"publish","type":"post","link":"https:\/\/comtal.org\/es\/jugant-sentenen-elsles-voluntarises\/","title":{"rendered":"Jugant s\u2019entenen els\/les voluntaris\/es"},"content":{"rendered":"<div id=\"_mcePaste\" style=\"text-align: justify;\">El passat dijous <strong>16 de desembre<\/strong> es va celebrar l\u2019esperada <strong>Trobada de Voluntariat<\/strong>, on tots\/es els\/les voluntaris\/es es van ajuntar per reflexionar, parlar i millorar.<\/div>\n<p> <a><\/a> <\/p>\n<div id=\"_mcePaste\" style=\"text-align: justify;\">Tot va comen\u00e7ar amb una presentaci\u00f3 de la tasca que desenvolupa el grup de voluntaris\/es de la <a href=\"https:\/\/comtal.org\/index.php?lan=0\" target=\"_blank\">Fundaci\u00f3 Comtal<\/a>, seguit d\u2019una exposici\u00f3 dels drets dels infants; aquest va ser un bon moment per reflexionar de totes les coses que com a nen\/a \u00e9s important poder fer, com per exemple el dret a embrutar-se.<\/div>\n<p> <a><\/a> <\/p>\n<div style=\"text-align: justify;\"><a href=\"https:\/\/comtal.org\/wp-content\/uploads\/Trobada.Volunta2010.jpg\"><img loading=\"lazy\" decoding=\"async\" class=\"alignleft size-full wp-image-346\" title=\"Trobada.Volunta2010\" src=\"https:\/\/comtal.org\/wp-content\/uploads\/Trobada.Volunta2010.jpg\" alt=\"\" width=\"350\" height=\"263\" \/><\/a>Despr\u00e9s de presentar la jornada <strong>el grup es va dividir entre voluntaris\/es de l\u2019\u00e0rea Laboral i de l\u2019\u00e0rea Educativa<\/strong>. Els primers van treballar en una din\u00e0mica molt original, que consistia en dibuixar que era per cadascun\/a la comunicaci\u00f3. L\u2019activitat reunia voluntaris\/es del projecte d\u2019<a href=\"https:\/\/comtal.org\/index.php?op=5&amp;sop=6&amp;lan=0\" target=\"_blank\">Assessorament Jur\u00eddic<\/a>, de <a href=\"https:\/\/comtal.org\/index.php?op=5&amp;sop=7&amp;lan=0\" target=\"_blank\">Construeix-te<\/a> i el <a href=\"https:\/\/comtal.org\/index.php?op=5&amp;sop=3&amp;lan=0\" target=\"_self\">Punt \u00d2mnia<\/a>, entre altres. Despr\u00e9s de descobrir que dibuixar no era el seu punt fort, van reflexionar sobre <strong>co<\/strong><strong>m es comunica i els canals de comunicaci\u00f3<\/strong>, donant pes a la comunicaci\u00f3 no verbal. A vegades aquesta tasca no resulta f\u00e0cil, ja sigui perqu\u00e8 hi ha una barrera en el idioma, la cultura, l\u2019edat o el missatge, per\u00f2 una conclusi\u00f3 va quedar clara: \u201c<em>La incomunicaci\u00f3 \u00e9s impossible, perqu\u00e8 pel sol fet que siguis aqu\u00ed ara ja est\u00e0s comunicant alguna cosa<\/em>\u201d; aquestes van ser les paraules d\u2019una de les volunt\u00e0ries participants.<\/div>\n<p> <a><\/a> <\/p>\n<div id=\"_mcePaste\" style=\"text-align: justify;\">D\u2019altra banda, els membres de l\u2019\u00e0rea Educativa es va dividir en petits grups per jugar un Trivial i contestar preguntes relacionades amb la Fundaci\u00f3 Comtal, suport escolar, deures i experi\u00e8ncies del dia a dia. Despr\u00e9s de dialogar entre ells\/es cada grup havia d\u2019escollir una pregunta que els crid\u00e9s l\u2019atenci\u00f3 i que va ser: <strong>Quan fas Voluntariat dediques el teu temps o el teu temps lliure?<\/strong> Moltes opinions i reflexions es van donar, per\u00f2 van concloure que quan fas Voluntariat dediques el teu temps.<\/div>\n<p> <a><\/a> <\/p>\n<div id=\"_mcePaste\" style=\"text-align: justify;\">Per finalitzar la trobada es va escollir un representant de cada grup en qu\u00e8 es va fer un petit resum i es va informar sobre molts temes, com per exemple del <a href=\"http:\/\/premibarcelonaassociacions2010.blogspot.com\/\" target=\"_blank\" rel=\"noopener\">premi Barcelona Associacions<\/a> i sobre la campanya <a href=\"https:\/\/comtal.org\/triaespai\/\" target=\"_blank\">Tria Espai<\/a>.<\/div>\n<p> <a><\/a> <\/p>\n<div id=\"_mcePaste\" style=\"text-align: justify;\">I per \u00faltim, tothom va poder <strong>gaudir d\u2019un pica-pica<\/strong>, on a m\u00e9s a m\u00e9s es van repartir unes targetes per poder trobar un company; alguns van ser el Mortadelo i altres el Filem\u00f3n, uns van ser Zipi i altres el Zape, etc. Aix\u00f2 va servir per con\u00e8ixer nous\/ves voluntaris\/es i compartir experi\u00e8ncies d\u2019una manera divertida i entretinguda.<\/div>\n<div style=\"text-align: justify;\">Tots els comentaris que es van recollir a la trobada els podreu llegir a partir del dia 10 de gener.<\/div>\n<div style=\"text-align: justify;\">Bones vacances per a tothom!<\/div>\n<p> <a><\/a><a><\/a><a><\/a> <\/p>\n<p style=\"text-align: justify;\"><span style=\"font-family: 'Lucida Sans', 'Lucida Sans Unicode', 'Lucida Grande', Verdana, sans-serif; line-height: normal;\"><strong>Article fet\u00a0per l\u2019Olga P\u00e9rez, volunt\u00e0ria del departament de Comunicaci\u00f3.<\/strong><\/span><\/p>\n","protected":false},"excerpt":{"rendered":"<p>El passat dijous 16 de desembre es va celebrar l\u2019esperada Trobada de Voluntariat, on tots\/es els\/les voluntaris\/es es van ajuntar per reflexionar, parlar i millorar. Tot va comen\u00e7ar amb una [&hellip;]<\/p>\n","protected":false},"author":2,"featured_media":13104,"comment_status":"closed","ping_status":"closed","sticky":false,"template":"","format":"standard","meta":{"footnotes":""},"categories":[277],"tags":[],"class_list":["post-13103","post","type-post","status-publish","format-standard","has-post-thumbnail","hentry","category-testimonials"],"_links":{"self":[{"href":"https:\/\/comtal.org\/es\/wp-json\/wp\/v2\/posts\/13103","targetHints":{"allow":["GET"]}}],"collection":[{"href":"https:\/\/comtal.org\/es\/wp-json\/wp\/v2\/posts"}],"about":[{"href":"https:\/\/comtal.org\/es\/wp-json\/wp\/v2\/types\/post"}],"author":[{"embeddable":true,"href":"https:\/\/comtal.org\/es\/wp-json\/wp\/v2\/users\/2"}],"replies":[{"embeddable":true,"href":"https:\/\/comtal.org\/es\/wp-json\/wp\/v2\/comments?post=13103"}],"version-history":[{"count":1,"href":"https:\/\/comtal.org\/es\/wp-json\/wp\/v2\/posts\/13103\/revisions"}],"predecessor-version":[{"id":13485,"href":"https:\/\/comtal.org\/es\/wp-json\/wp\/v2\/posts\/13103\/revisions\/13485"}],"wp:featuredmedia":[{"embeddable":true,"href":"https:\/\/comtal.org\/es\/wp-json\/wp\/v2\/media\/13104"}],"wp:attachment":[{"href":"https:\/\/comtal.org\/es\/wp-json\/wp\/v2\/media?parent=13103"}],"wp:term":[{"taxonomy":"category","embeddable":true,"href":"https:\/\/comtal.org\/es\/wp-json\/wp\/v2\/categories?post=13103"},{"taxonomy":"post_tag","embeddable":true,"href":"https:\/\/comtal.org\/es\/wp-json\/wp\/v2\/tags?post=13103"}],"curies":[{"name":"wp","href":"https:\/\/api.w.org\/{rel}","templated":true}]}}