{"id":13100,"date":"2010-12-13T00:00:00","date_gmt":"2010-12-13T00:00:00","guid":{"rendered":"https:\/\/comtal.org\/el-nadal-es-delsles-voluntarises\/"},"modified":"2016-10-31T13:39:56","modified_gmt":"2016-10-31T13:39:56","slug":"el-nadal-es-delsles-voluntarises","status":"publish","type":"post","link":"https:\/\/comtal.org\/es\/el-nadal-es-delsles-voluntarises\/","title":{"rendered":"El Nadal \u00e9s dels\/les voluntaris\/es"},"content":{"rendered":"<div id=\"_mcePaste\" style=\"text-align: justify;\"><a href=\"https:\/\/comtal.org\/wp-content\/uploads\/tio.jpg\"><img loading=\"lazy\" decoding=\"async\" class=\"size-full wp-image-336 alignleft\" title=\"tio\" src=\"https:\/\/comtal.org\/wp-content\/uploads\/tio.jpg\" alt=\"\" width=\"350\" height=\"263\" \/><\/a>Barcelona ja ha enc\u00e8s els llums de Nadal, les botigues es decoren amb boles i pessebres, i a casa comen\u00e7a l\u2019odissea de muntar l\u2019arbre nadalenc. Per\u00f2 a la <a href=\"https:\/\/comtal.org\/index.php?lan=0\" target=\"_blank\">Fundaci\u00f3 Comtal<\/a> tenim un mes ple de dates importants per als voluntaris\/es&#8230; A continuaci\u00f3 deixem les m\u00e9s significatives:<\/div>\n<p style=\"text-align: justify;\"><a><\/a> <a><\/a><\/p>\n<div id=\"_mcePaste\" style=\"text-align: justify;\"><strong>TROBADA DE VOLUNTARIAT<\/strong><\/div>\n<div id=\"_mcePaste\" style=\"text-align: justify;\"><strong>Dijous 16, a les 18,30 hores<\/strong>, us esperem <strong>a la Fundaci\u00f3 Comtal<\/strong> per fer una trobada formativa. Millorar sempre \u00e9s important, per aix\u00f2 realitzarem una din\u00e0mica de treball on parlarem del nostre dia a dia i posarem en com\u00fa aquells aspectes que ajudaran a detectar els canvis que hem de fer a la nostra feina relacionada amb el Voluntariat.<\/div>\n<p style=\"text-align: justify;\"><a><\/a><\/p>\n<div id=\"_mcePaste\" style=\"text-align: justify;\">Despr\u00e9s, <strong>a les 21 hores<\/strong>, anirem al nostre <strong>local del carrer Fonollar a fer un \u00a0pica-pica<\/strong>. L\u2019organitzaci\u00f3 ser\u00e0 de la Fundaci\u00f3 Comtal, per\u00f2 convidem tothom a que porti menjar. Aquest ser\u00e0 un moment molt positiu per compartir les experi\u00e8ncies de cada dia i seguir-nos coneixent, parlar tranquil\u00b7lament i gaudir d\u2019una estona junts\/es.<\/div>\n<p style=\"text-align: justify;\"><a><\/a><\/p>\n<div id=\"_mcePaste\" style=\"text-align: justify;\">Necessitem saber quants\/es serem per comen\u00e7ar a organitzar-ho tot. Per aix\u00f2, \u00a0demanem, si us plau, <strong>confirmaci\u00f3 <\/strong>al correu voluntariat@comtal.org el m\u00e9s aviat possible!<\/div>\n<p style=\"text-align: justify;\"><a><\/a> <a><\/a><\/p>\n<div id=\"_mcePaste\" style=\"text-align: justify;\"><strong>DIA INTERNACIONAL DEL VOLUNTARIAT<\/strong><\/div>\n<div id=\"_mcePaste\" style=\"text-align: justify;\"><a href=\"http:\/\/www.voluntaris.cat\/\" target=\"_blank\" rel=\"noopener\">La Federaci\u00f3 Catalana de Voluntariat Social <\/a>(FCVS) organitza el <strong>14 de desembre<\/strong> el <a href=\"http:\/\/www.voluntaris.cat\/actualitat\/la-fcvs-celebra-el-dia-internacional-del-voluntariat-lleida-tarragona-i-barcelona\" target=\"_blank\" rel=\"noopener\">Dia Internacional del Voluntariat<\/a> que es far\u00e0 al <strong>Palau de Pedralbes<\/strong> (Avd. Diagonal, 686). Comen\u00e7ar\u00e0 a les <strong>19 hores<\/strong> i durant l\u2019acte es lliuraran els Premis del Voluntariat i el Premi Eliseu Colomer; a m\u00e9s a m\u00e9s, el m\u00fasic Eduard Domingo amenitzar\u00e0 la vetllada amb una actuaci\u00f3 musical.<\/div>\n<div id=\"_mcePaste\" style=\"text-align: justify;\"><strong><a href=\"https:\/\/comtal.org\/wp-content\/uploads\/bones.festes.jpg\"><img loading=\"lazy\" decoding=\"async\" class=\"alignright size-full wp-image-337\" title=\"bones.festes\" src=\"https:\/\/comtal.org\/wp-content\/uploads\/bones.festes.jpg\" alt=\"\" width=\"350\" height=\"263\" \/> <\/a><a><\/a> EMBOLIQUEM JOGUINES DE NADAL<\/strong><\/div>\n<div id=\"_mcePaste\" style=\"text-align: justify;\">Els <strong>dies 14 i 15 de desembre <\/strong>embolicarem els regals de Nadal per als nens\/es del Centre Obert Tria. Per aquesta ra\u00f3 necessitem tota l\u2019ajuda dels voluntaris\/es \u00a0que puguin venir d\u2019<strong>11 a 13 hores al local de Gesti\u00f3<\/strong> (C\/Allada Vermell, 5).<\/div>\n<p style=\"text-align: justify;\"><a><\/a><a><\/a><\/p>\n<div id=\"_mcePaste\" style=\"text-align: justify;\"><strong>TI\u00d3 COMTAL<\/strong><\/div>\n<div id=\"_mcePaste\" style=\"text-align: justify;\">Una de les coses que no pod\u00edem deixar de banda al Nadal era la celebraci\u00f3 del Caga Ti\u00f3. Els infants de la Fundaci\u00f3 Comtal estaran donant cops el <strong>dilluns 20 de 17 a 19 hores<\/strong>. Els nens\/es podran compartir aquest moment amb l\u2019equip de voluntaris\/es que s\u2019animi a participar-hi, i si aquests es porten b\u00e9 potser deixem que estomaquin tamb\u00e9 al Ti\u00f3.<\/div>\n<p style=\"text-align: justify;\"><a><\/a><\/p>\n<div style=\"text-align: justify;\"><span style=\"font-family: 'Lucida Sans', 'Lucida Sans Unicode', 'Lucida Grande', Verdana, sans-serif; line-height: normal;\"><strong>Article fet\u00a0per l\u2019Olga P\u00e9rez, volunt\u00e0ria del departament de Comunicaci\u00f3.<\/strong><\/span><\/div>\n","protected":false},"excerpt":{"rendered":"<p>Barcelona ja ha enc\u00e8s els llums de Nadal, les botigues es decoren amb boles i pessebres, i a casa comen\u00e7a l\u2019odissea de muntar l\u2019arbre nadalenc. Per\u00f2 a la Fundaci\u00f3 Comtal [&hellip;]<\/p>\n","protected":false},"author":2,"featured_media":13101,"comment_status":"closed","ping_status":"closed","sticky":false,"template":"","format":"standard","meta":{"footnotes":""},"categories":[277],"tags":[],"class_list":["post-13100","post","type-post","status-publish","format-standard","has-post-thumbnail","hentry","category-testimonials"],"_links":{"self":[{"href":"https:\/\/comtal.org\/es\/wp-json\/wp\/v2\/posts\/13100","targetHints":{"allow":["GET"]}}],"collection":[{"href":"https:\/\/comtal.org\/es\/wp-json\/wp\/v2\/posts"}],"about":[{"href":"https:\/\/comtal.org\/es\/wp-json\/wp\/v2\/types\/post"}],"author":[{"embeddable":true,"href":"https:\/\/comtal.org\/es\/wp-json\/wp\/v2\/users\/2"}],"replies":[{"embeddable":true,"href":"https:\/\/comtal.org\/es\/wp-json\/wp\/v2\/comments?post=13100"}],"version-history":[{"count":1,"href":"https:\/\/comtal.org\/es\/wp-json\/wp\/v2\/posts\/13100\/revisions"}],"predecessor-version":[{"id":13486,"href":"https:\/\/comtal.org\/es\/wp-json\/wp\/v2\/posts\/13100\/revisions\/13486"}],"wp:featuredmedia":[{"embeddable":true,"href":"https:\/\/comtal.org\/es\/wp-json\/wp\/v2\/media\/13101"}],"wp:attachment":[{"href":"https:\/\/comtal.org\/es\/wp-json\/wp\/v2\/media?parent=13100"}],"wp:term":[{"taxonomy":"category","embeddable":true,"href":"https:\/\/comtal.org\/es\/wp-json\/wp\/v2\/categories?post=13100"},{"taxonomy":"post_tag","embeddable":true,"href":"https:\/\/comtal.org\/es\/wp-json\/wp\/v2\/tags?post=13100"}],"curies":[{"name":"wp","href":"https:\/\/api.w.org\/{rel}","templated":true}]}}