{"id":13096,"date":"2010-11-03T00:00:00","date_gmt":"2010-11-03T00:00:00","guid":{"rendered":"https:\/\/comtal.org\/ciutat-vella-a-traves-de-la-fotografia-dels-joves\/"},"modified":"2016-10-31T13:39:56","modified_gmt":"2016-10-31T13:39:56","slug":"ciutat-vella-a-traves-de-la-fotografia-dels-joves","status":"publish","type":"post","link":"https:\/\/comtal.org\/es\/ciutat-vella-a-traves-de-la-fotografia-dels-joves\/","title":{"rendered":"Ciutat Vella a trav\u00e9s de la fotografia dels joves"},"content":{"rendered":"<div id=\"_mcePaste\" style=\"text-align: justify;\"><a href=\"https:\/\/comtal.org\/wp-content\/uploads\/Sortida-fotografica-Foto.jpg\"><img loading=\"lazy\" decoding=\"async\" class=\"alignleft size-full wp-image-318\" title=\"Sortida fotografica (Foto)\" src=\"https:\/\/comtal.org\/wp-content\/uploads\/Sortida-fotografica-Foto.jpg\" alt=\"\" width=\"350\" height=\"263\" \/><\/a>El divendres dia <strong>12 novembre<\/strong><strong>, de 15:30 a 17:00 hores<\/strong>, comen\u00e7ar\u00e0 tota una <strong>aventura fotogr\u00e0fica<\/strong> al voltant del barri. Els joves del <a href=\"https:\/\/comtal.org\/index.php?op=5&amp;sop=0\" target=\"_blank\">Centre Obert Tria<\/a> guiaran els voluntaris\/es pels carrers de Ciutat Vella, amb una c\u00e0mera fotogr\u00e0fica a la m\u00e0, per tal de transmetre la seva particular visi\u00f3 del seu entorn.<\/div>\n<p> <a><\/a> <\/p>\n<div id=\"_mcePaste\" style=\"text-align: justify;\">Aquest \u00a0joves, que es coneixen cada rac\u00f3 del \u00a0barri, mostraran <strong>els <\/strong><strong>llocs que m\u00e9s i menys els agraden<\/strong>. I per immortalitzar aquest moment, \u00a0fotografiaran els espais i ens explicaran perqu\u00e8 han tret la c\u00e0mera en aquell punt.<\/div>\n<p> <a><\/a> <\/p>\n<div id=\"_mcePaste\" style=\"text-align: justify;\">Qui s\u2019atreveix a con\u00e8ixer el barri amb una nova visi\u00f3?<\/div>\n<div style=\"text-align: justify;\"><\/div>\n<div style=\"text-align: justify;\"><\/div>\n<div style=\"text-align: justify;\"><\/div>\n<p> <a><\/a>  <a><\/a> <a><\/a> <\/p>\n<div style=\"text-align: center;\"><a href=\"https:\/\/comtal.org\/wp-content\/uploads\/Sortida-fotografica-Mapa.jpg\"><img loading=\"lazy\" decoding=\"async\" class=\"alignleft size-full wp-image-323\" title=\"Sortida fotografica (Mapa)\" src=\"https:\/\/comtal.org\/wp-content\/uploads\/Sortida-fotografica-Mapa.jpg\" alt=\"\" width=\"477\" height=\"398\" \/><\/a><\/div>\n<p> <a><\/a> <a><\/a> <\/p>\n<div style=\"text-align: justify;\"><a href=\"https:\/\/comtal.org\/wp-content\/uploads\/Sortida-fotografica-Lema.jpg\"><img loading=\"lazy\" decoding=\"async\" class=\"alignleft size-full wp-image-324\" title=\"Sortida fotografica (Lema)\" src=\"https:\/\/comtal.org\/wp-content\/uploads\/Sortida-fotografica-Lema.jpg\" alt=\"\" width=\"350\" height=\"130\" \/><\/a><\/div>\n<p> <a><\/a> <a><\/a><\/p>\n","protected":false},"excerpt":{"rendered":"<p>El divendres dia 12 novembre, de 15:30 a 17:00 hores, comen\u00e7ar\u00e0 tota una aventura fotogr\u00e0fica al voltant del barri. Els joves del Centre Obert Tria guiaran els voluntaris\/es pels carrers [&hellip;]<\/p>\n","protected":false},"author":2,"featured_media":13097,"comment_status":"closed","ping_status":"closed","sticky":false,"template":"","format":"standard","meta":{"footnotes":""},"categories":[277],"tags":[],"class_list":["post-13096","post","type-post","status-publish","format-standard","has-post-thumbnail","hentry","category-testimonials"],"_links":{"self":[{"href":"https:\/\/comtal.org\/es\/wp-json\/wp\/v2\/posts\/13096","targetHints":{"allow":["GET"]}}],"collection":[{"href":"https:\/\/comtal.org\/es\/wp-json\/wp\/v2\/posts"}],"about":[{"href":"https:\/\/comtal.org\/es\/wp-json\/wp\/v2\/types\/post"}],"author":[{"embeddable":true,"href":"https:\/\/comtal.org\/es\/wp-json\/wp\/v2\/users\/2"}],"replies":[{"embeddable":true,"href":"https:\/\/comtal.org\/es\/wp-json\/wp\/v2\/comments?post=13096"}],"version-history":[{"count":1,"href":"https:\/\/comtal.org\/es\/wp-json\/wp\/v2\/posts\/13096\/revisions"}],"predecessor-version":[{"id":13487,"href":"https:\/\/comtal.org\/es\/wp-json\/wp\/v2\/posts\/13096\/revisions\/13487"}],"wp:featuredmedia":[{"embeddable":true,"href":"https:\/\/comtal.org\/es\/wp-json\/wp\/v2\/media\/13097"}],"wp:attachment":[{"href":"https:\/\/comtal.org\/es\/wp-json\/wp\/v2\/media?parent=13096"}],"wp:term":[{"taxonomy":"category","embeddable":true,"href":"https:\/\/comtal.org\/es\/wp-json\/wp\/v2\/categories?post=13096"},{"taxonomy":"post_tag","embeddable":true,"href":"https:\/\/comtal.org\/es\/wp-json\/wp\/v2\/tags?post=13096"}],"curies":[{"name":"wp","href":"https:\/\/api.w.org\/{rel}","templated":true}]}}