{"id":13094,"date":"2010-10-27T00:00:00","date_gmt":"2010-10-27T00:00:00","guid":{"rendered":"https:\/\/comtal.org\/qui-mha-portat-a-forn-de-la-fonda\/"},"modified":"2016-10-31T13:39:56","modified_gmt":"2016-10-31T13:39:56","slug":"qui-mha-portat-a-forn-de-la-fonda","status":"publish","type":"post","link":"https:\/\/comtal.org\/es\/qui-mha-portat-a-forn-de-la-fonda\/","title":{"rendered":"Qui m\u2019ha portat a Forn de la Fonda?"},"content":{"rendered":"<div id=\"_mcePaste\" style=\"text-align: justify;\"><a href=\"https:\/\/comtal.org\/wp-content\/uploads\/Joan.Bautiste.jpg\"><img loading=\"lazy\" decoding=\"async\" class=\"alignleft size-full wp-image-313\" title=\"Joan.Bautiste\" src=\"https:\/\/comtal.org\/wp-content\/uploads\/Joan.Bautiste.jpg\" alt=\"\" width=\"350\" height=\"263\" \/><\/a>Si fos orgull\u00f3s i tingu\u00e9s ganes de lluir-me, diria&#8230; va ser l\u2019Esperit. Mai a la vida havia sentit parlar del <strong><a href=\"https:\/\/comtal.org\/index.php?lan=0&amp;op=9\" target=\"_blank\">carrer Forn de la Fonda<\/a><\/strong>, hi havia passat cent vegades molt prop.<\/div>\n<p> <a><\/a> <\/p>\n<div id=\"_mcePaste\" style=\"text-align: justify;\">Quan als 75 anys em vaig jubil\u00e0, vaig pensar que volia fer alguna cosa relacionada amb el Voluntariat. Vaig buscar feina per\u00f2 quan telefonava em deien que el lloc estava cobert; tamb\u00e9 buscava un grupet que volgu\u00e9s estudiar castell\u00e0 o catal\u00e0 i em van dir que a <strong>Forn de la Fonda<\/strong> trobaria alguna cosa.<\/div>\n<p> <a><\/a> <\/p>\n<div style=\"text-align: justify;\">Vaig buscar per Internet \u00a0per\u00f2 el carrer no sortia, encara que vaig veure que prop hi havia el <strong>carrer de Santo Domingo i Santa Caterina<\/strong>, per on hi havia anat moltes vegades de petit amb la meva mare i la meva germana, perqu\u00e8 all\u00e0 era la casa de l\u2019avia, qui tenia un taller de brodats de robes a m\u00e0quina.<\/div>\n<p> <a><\/a> <\/p>\n<div id=\"_mcePaste\" style=\"text-align: justify;\">El primer dia que vaig passar per davant i vaig endinsar-me cap a <strong>Forn de la Fonda <\/strong>em vaig emocionar pensant que aix\u00f2 era el que estava esperant. Hi vaig entrar i una educadora em va dir que, de moment, no hi havia cap feina&#8230; per\u00f2 que els hi faltava un recepcionista. Vaig pensar: \u201cA<em>qu\u00ed t\u2019ha cridat l\u2019Esperit<\/em>\u00bb i vaig acceptar anar un mat\u00ed a la setmana.<\/div>\n<p> <a><\/a> <\/p>\n<div id=\"_mcePaste\" style=\"text-align: justify;\">Obro la porta, atenc al tel\u00e8fon, intento ajudar a les persones amb discapacitat que venen a aprendre inform\u00e0tica; ara ve un del Senegal, un altre d\u2019Ucra\u00efna, altres del Marroc&#8230; A tots\/es els informo del dia i l\u2019hora que han de venir per trobar la persona adequada. Molts\/es em diuen: \u201c<em>Muchas gracias se\u00f1or, muy amable<\/em>\u201d, i quedo m\u00e9s content que si m\u2019hagu\u00e9s tocat la loteria.<\/div>\n<p> <a><\/a> <\/p>\n<div id=\"_mcePaste\" style=\"text-align: justify;\">Donar \u00e9s bonic, per\u00f2 <strong>donar-se \u00e9s meravell\u00f3s<\/strong>, per aix\u00f2 aquest any he augmentat la meva quota de Voluntariat d&#8217;un dia a dos. A veure si rebento d\u2019alegria.<\/div>\n<p> <a><\/a> <a><\/a> <\/p>\n<div style=\"text-align: justify;\"><strong>Article fet pel Joan Bautiste,voluntari de la Fundaci\u00f3 Comtal<\/strong><\/div>\n","protected":false},"excerpt":{"rendered":"<p>Si fos orgull\u00f3s i tingu\u00e9s ganes de lluir-me, diria&#8230; va ser l\u2019Esperit. Mai a la vida havia sentit parlar del carrer Forn de la Fonda, hi havia passat cent vegades [&hellip;]<\/p>\n","protected":false},"author":2,"featured_media":13095,"comment_status":"closed","ping_status":"closed","sticky":false,"template":"","format":"standard","meta":{"footnotes":""},"categories":[277],"tags":[],"class_list":["post-13094","post","type-post","status-publish","format-standard","has-post-thumbnail","hentry","category-testimonials"],"_links":{"self":[{"href":"https:\/\/comtal.org\/es\/wp-json\/wp\/v2\/posts\/13094","targetHints":{"allow":["GET"]}}],"collection":[{"href":"https:\/\/comtal.org\/es\/wp-json\/wp\/v2\/posts"}],"about":[{"href":"https:\/\/comtal.org\/es\/wp-json\/wp\/v2\/types\/post"}],"author":[{"embeddable":true,"href":"https:\/\/comtal.org\/es\/wp-json\/wp\/v2\/users\/2"}],"replies":[{"embeddable":true,"href":"https:\/\/comtal.org\/es\/wp-json\/wp\/v2\/comments?post=13094"}],"version-history":[{"count":1,"href":"https:\/\/comtal.org\/es\/wp-json\/wp\/v2\/posts\/13094\/revisions"}],"predecessor-version":[{"id":13488,"href":"https:\/\/comtal.org\/es\/wp-json\/wp\/v2\/posts\/13094\/revisions\/13488"}],"wp:featuredmedia":[{"embeddable":true,"href":"https:\/\/comtal.org\/es\/wp-json\/wp\/v2\/media\/13095"}],"wp:attachment":[{"href":"https:\/\/comtal.org\/es\/wp-json\/wp\/v2\/media?parent=13094"}],"wp:term":[{"taxonomy":"category","embeddable":true,"href":"https:\/\/comtal.org\/es\/wp-json\/wp\/v2\/categories?post=13094"},{"taxonomy":"post_tag","embeddable":true,"href":"https:\/\/comtal.org\/es\/wp-json\/wp\/v2\/tags?post=13094"}],"curies":[{"name":"wp","href":"https:\/\/api.w.org\/{rel}","templated":true}]}}