{"id":13092,"date":"2010-10-21T00:00:00","date_gmt":"2010-10-21T00:00:00","guid":{"rendered":"https:\/\/comtal.org\/amigues-del-voluntariat\/"},"modified":"2016-10-31T13:39:56","modified_gmt":"2016-10-31T13:39:56","slug":"amigues-del-voluntariat","status":"publish","type":"post","link":"https:\/\/comtal.org\/es\/amigues-del-voluntariat\/","title":{"rendered":"Amigues del Voluntariat"},"content":{"rendered":"<h3><a href=\"https:\/\/comtal.org\/wp-content\/uploads\/Dolors-i-Mireia.jpg\"><img loading=\"lazy\" decoding=\"async\" class=\"alignleft size-full wp-image-304\" title=\"Dolors i Mireia\" src=\"https:\/\/comtal.org\/wp-content\/uploads\/Dolors-i-Mireia.jpg\" alt=\"\" width=\"350\" height=\"263\" \/><\/a>La Dolors i la Mireia, de 20 i 21 anys respectivament, s\u00f3n volunt\u00e0ries del Centre Obert Tria des de que tenien 15 anys. Aquestes amigues van con\u00e8ixer la Fundaci\u00f3 Comtal a trav\u00e9s de l\u2019escola on estudien, la Salle Bonanova.<\/h3>\n<p> <a><\/a> <\/p>\n<div id=\"_mcePaste\" style=\"text-align: justify;\">A la <a href=\"https:\/\/comtal.org\/index.php?lan=0\" target=\"_blank\">Fundaci\u00f3 Comtal<\/a> treballen a les classes de refor\u00e7 amb els infants del <a href=\"https:\/\/comtal.org\/index.php?op=5&amp;sop=0&amp;lan=0\" target=\"_blank\">Centre Obert Tria<\/a>, per\u00f2 el seu primer contacte amb el Voluntariat va ser al <a href=\"http:\/\/www.llarsamistat.org\/cas\/llar.php?id=f1\" target=\"_blank\" rel=\"noopener\">Centre Joan Trias<\/a>, on es troben persones afectades de par\u00e0lisi cerebral. Encara que aquesta experi\u00e8ncia va ser enriquidora, consideren que era molt m\u00e9s dura: \u201c<em>Quan arribaves a casa et senties molt malament, fins i tot vam intentar que alguna persona de classe an\u00e9s tamb\u00e9, per\u00f2 era molt dur i no es van animar a participar en el projecte<\/em>\u201d.<\/div>\n<p> <a><\/a> <\/p>\n<div id=\"_mcePaste\" style=\"text-align: justify;\">Aquestes volunt\u00e0ries estan molt conscienciades amb el futur, per aix\u00f2 la seva proposta per aquest any \u00e9s que al <strong>Centre Obert Tria es faci algun curs d\u2019angl\u00e8s<\/strong>. Com diuen elles: \u201c<em>Hem de refor\u00e7ar aquesta \u00e0rea, ja que els estudis ara s\u00f3n de car\u00e0cter m\u00e9s europeu, i a les escoles hi ha un nivell molt baix<\/em>\u201d.<\/div>\n<p> <a><\/a> <\/p>\n<div id=\"_mcePaste\" style=\"text-align: justify;\">Treballar amb nens\/es les agrada molt\u00edssim, i les dues estan desitjant que aquest nou curs comenci. Una de les coses que m\u00e9s les impressiona dels infants \u00e9s que \u201c<em>a vegades et creues amb nens\/es que fa dos o tres anys que els vas tindre, i quan et veuen encara es recorden de tu com si fos ahir<\/em>\u201d.<\/div>\n<p> <a><\/a> <\/p>\n<div id=\"_mcePaste\" style=\"text-align: justify;\">La Dolors i la Mireia ja estan preparades per comen\u00e7ar el seu Voluntariat, i una cosa que les agradaria molt seria que \u201c<em>molta m\u00e9s gent fes Voluntariat perqu\u00e8 val la pena<\/em>\u201d.<\/div>\n<p style=\"text-align: justify;\">\n<p> <a><\/a> <\/p>\n<p style=\"text-align: justify;\"><span style=\"font-family: 'Lucida Sans', 'Lucida Sans Unicode', 'Lucida Grande', Verdana, sans-serif; line-height: normal;\"><strong>Article fet\u00a0per l\u2019Olga P\u00e9rez, volunt\u00e0ria del departament de Comunicaci\u00f3 i del Centre Obert Tria.<\/strong><\/span><\/p>\n","protected":false},"excerpt":{"rendered":"<p>La Dolors i la Mireia, de 20 i 21 anys respectivament, s\u00f3n volunt\u00e0ries del Centre Obert Tria des de que tenien 15 anys. Aquestes amigues van con\u00e8ixer la Fundaci\u00f3 Comtal [&hellip;]<\/p>\n","protected":false},"author":2,"featured_media":13093,"comment_status":"closed","ping_status":"closed","sticky":false,"template":"","format":"standard","meta":{"footnotes":""},"categories":[277],"tags":[],"class_list":["post-13092","post","type-post","status-publish","format-standard","has-post-thumbnail","hentry","category-testimonials"],"_links":{"self":[{"href":"https:\/\/comtal.org\/es\/wp-json\/wp\/v2\/posts\/13092","targetHints":{"allow":["GET"]}}],"collection":[{"href":"https:\/\/comtal.org\/es\/wp-json\/wp\/v2\/posts"}],"about":[{"href":"https:\/\/comtal.org\/es\/wp-json\/wp\/v2\/types\/post"}],"author":[{"embeddable":true,"href":"https:\/\/comtal.org\/es\/wp-json\/wp\/v2\/users\/2"}],"replies":[{"embeddable":true,"href":"https:\/\/comtal.org\/es\/wp-json\/wp\/v2\/comments?post=13092"}],"version-history":[{"count":1,"href":"https:\/\/comtal.org\/es\/wp-json\/wp\/v2\/posts\/13092\/revisions"}],"predecessor-version":[{"id":13489,"href":"https:\/\/comtal.org\/es\/wp-json\/wp\/v2\/posts\/13092\/revisions\/13489"}],"wp:featuredmedia":[{"embeddable":true,"href":"https:\/\/comtal.org\/es\/wp-json\/wp\/v2\/media\/13093"}],"wp:attachment":[{"href":"https:\/\/comtal.org\/es\/wp-json\/wp\/v2\/media?parent=13092"}],"wp:term":[{"taxonomy":"category","embeddable":true,"href":"https:\/\/comtal.org\/es\/wp-json\/wp\/v2\/categories?post=13092"},{"taxonomy":"post_tag","embeddable":true,"href":"https:\/\/comtal.org\/es\/wp-json\/wp\/v2\/tags?post=13092"}],"curies":[{"name":"wp","href":"https:\/\/api.w.org\/{rel}","templated":true}]}}