{"id":13090,"date":"2010-10-04T00:00:00","date_gmt":"2010-10-04T00:00:00","guid":{"rendered":"https:\/\/comtal.org\/una-advocada-al-mon-de-leducacio\/"},"modified":"2016-10-31T13:39:56","modified_gmt":"2016-10-31T13:39:56","slug":"una-advocada-al-mon-de-leducacio","status":"publish","type":"post","link":"https:\/\/comtal.org\/es\/una-advocada-al-mon-de-leducacio\/","title":{"rendered":"Una advocada al m\u00f3n de l\u2019educaci\u00f3"},"content":{"rendered":"<h5 style=\"text-align: justify;\"><a href=\"https:\/\/comtal.org\/wp-content\/uploads\/M-Dolors-Vanaclocha.jpg\"><img loading=\"lazy\" decoding=\"async\" class=\"alignleft size-full wp-image-288\" title=\"M Dolors Vanaclocha\" src=\"https:\/\/comtal.org\/wp-content\/uploads\/M-Dolors-Vanaclocha.jpg\" alt=\"\" width=\"350\" height=\"263\" \/><\/a>La Maria Dolors Vanaclocha \u00e9s volunt\u00e0ria des de fa dos anys a la Fundaci\u00f3 Comtal i no es conforma nom\u00e9s en ser-ho d\u2019una \u00e0rea; per aix\u00f2 col\u00b7labora al Centre Obert Tria i al Projecte d\u2019Assessorament Jur\u00eddic.<\/h5>\n<p> <a><\/a> <\/p>\n<div id=\"_mcePaste\" style=\"text-align: justify;\">Va con\u00e8ixer la <strong><a href=\"https:\/\/comtal.org\/index.php?lan=1\" target=\"_blank\">Fundaci\u00f3 Comtal<\/a><\/strong> a trav\u00e9s de la <strong><a href=\"http:\/\/www.voluntaris.cat\" target=\"_blank\" rel=\"noopener\">Federaci\u00f3 Catalana de Voluntariat Social (FCVS)<\/a><\/strong> i des d\u2019un principi tenia clar que volia aprofitar el seu temps lliure ajudant als infants.<\/div>\n<p> <a><\/a> <\/p>\n<div id=\"_mcePaste\" style=\"text-align: justify;\">La Maria Dolors, advocada de professi\u00f3, va veure la possibilitat de col\u00b7laborar, tamb\u00e9, al <strong><a href=\"https:\/\/comtal.org\/index.php?op=5&amp;sop=6&amp;lan=\" target=\"_blank\">Projecte d\u2019Assessorament Jur\u00eddic<\/a><\/strong>. D\u2019aqu\u00ed destaca sobretot que <em>\u201cel tema estrella \u00e9s l\u2019estrangeria\u201d<\/em>, tot i que tamb\u00e9 rep consultes sobre temes familiars i educatius entre d\u2019altres. Les dues cares del Voluntariat l\u2019omplen per igual, per\u00f2 considera que quan treballa al <strong><a href=\"https:\/\/comtal.org\/index.php?op=5&amp;sop=0&amp;lan=\" target=\"_blank\">Centre Obert Tria<\/a><\/strong> <em>\u201cels nens i nenes et posen al teu lloc\u201d<\/em>.<\/div>\n<p> <a><\/a> <\/p>\n<div id=\"_mcePaste\" style=\"text-align: justify;\">La <strong>lectura<\/strong> \u00e9s, per aquesta volunt\u00e0ria, una part fonamental de l\u2019educaci\u00f3, per aquest motiu intenta introduir-la en les seves classes de rep\u00e0s, ja que <em>\u201c\u00e9s on m\u00e9s flaquegen<\/em>\u201d. \u00a0Una de les hist\u00f2ries que m\u00e9s recorda \u00e9s un petit malent\u00e8s que va tenir amb un dels seus alumnes: <em>\u201cTenia un nen que sempre anava ple de cops i em vaig pensar que el maltractaven a casa. Quan li preguntava nom\u00e9s deia que havia sigut un cop i no m\u2019explicava res m\u00e9s. Un dia vaig parlar amb els educadors\/es i vam decidir vigilar-lo. Al cap d\u2019uns dies ens vam assabentar que tot formava part \u00a0d\u2019un joc, que consistia en donar-se cops amb els companys per veure qui era m\u00e9s fort. Per sort al final tot va acabar b\u00e9.\u201d<\/em><\/div>\n<div style=\"text-align: justify;\"><em> <\/em><\/div>\n<div id=\"_mcePaste\" style=\"text-align: justify;\">Finalment, la Maria Dolors ens va explicar quines s\u00f3n les seves inquietuds per aquest nou curs. Sempre \u00e9s important seguir la mateixa l\u00ednia de treball que els col\u2022legis, per aix\u00f2 aquest any la preocupaci\u00f3 de la nostra protagonista \u00e9s la <strong>digitalitzaci\u00f3 a les aules<\/strong>, i proposa que els voluntaris\/es puguin fer un curs per complementar-se amb les escoles. Com diu la Maria Dolors: <em>\u201cla nostra missi\u00f3 \u00e9s ajudar-los i no embolicar-los m\u00e9s\u201d.<\/em><\/div>\n<div style=\"text-align: justify;\"><em> <\/em><\/div>\n<p style=\"text-align: justify;\"><span style=\"font-family: 'Lucida Sans', 'Lucida Sans Unicode', 'Lucida Grande', Verdana, sans-serif; line-height: normal;\"><strong>Article fet\u00a0per l\u2019Olga P\u00e9rez i la Sabrina Luis, volunt\u00e0ries del departament de Comunicaci\u00f3 i del Centre Obert Tria.<\/strong><\/span><\/p>\n","protected":false},"excerpt":{"rendered":"<p>La Maria Dolors Vanaclocha \u00e9s volunt\u00e0ria des de fa dos anys a la Fundaci\u00f3 Comtal i no es conforma nom\u00e9s en ser-ho d\u2019una \u00e0rea; per aix\u00f2 col\u00b7labora al Centre Obert [&hellip;]<\/p>\n","protected":false},"author":2,"featured_media":13091,"comment_status":"closed","ping_status":"closed","sticky":false,"template":"","format":"standard","meta":{"footnotes":""},"categories":[277],"tags":[],"class_list":["post-13090","post","type-post","status-publish","format-standard","has-post-thumbnail","hentry","category-testimonials"],"_links":{"self":[{"href":"https:\/\/comtal.org\/es\/wp-json\/wp\/v2\/posts\/13090","targetHints":{"allow":["GET"]}}],"collection":[{"href":"https:\/\/comtal.org\/es\/wp-json\/wp\/v2\/posts"}],"about":[{"href":"https:\/\/comtal.org\/es\/wp-json\/wp\/v2\/types\/post"}],"author":[{"embeddable":true,"href":"https:\/\/comtal.org\/es\/wp-json\/wp\/v2\/users\/2"}],"replies":[{"embeddable":true,"href":"https:\/\/comtal.org\/es\/wp-json\/wp\/v2\/comments?post=13090"}],"version-history":[{"count":1,"href":"https:\/\/comtal.org\/es\/wp-json\/wp\/v2\/posts\/13090\/revisions"}],"predecessor-version":[{"id":13490,"href":"https:\/\/comtal.org\/es\/wp-json\/wp\/v2\/posts\/13090\/revisions\/13490"}],"wp:featuredmedia":[{"embeddable":true,"href":"https:\/\/comtal.org\/es\/wp-json\/wp\/v2\/media\/13091"}],"wp:attachment":[{"href":"https:\/\/comtal.org\/es\/wp-json\/wp\/v2\/media?parent=13090"}],"wp:term":[{"taxonomy":"category","embeddable":true,"href":"https:\/\/comtal.org\/es\/wp-json\/wp\/v2\/categories?post=13090"},{"taxonomy":"post_tag","embeddable":true,"href":"https:\/\/comtal.org\/es\/wp-json\/wp\/v2\/tags?post=13090"}],"curies":[{"name":"wp","href":"https:\/\/api.w.org\/{rel}","templated":true}]}}