{"id":13088,"date":"2010-09-14T00:00:00","date_gmt":"2010-09-14T00:00:00","guid":{"rendered":"https:\/\/comtal.org\/nou-curs-noves-il%c2%b7lusions\/"},"modified":"2016-10-31T13:39:56","modified_gmt":"2016-10-31T13:39:56","slug":"nou-curs-noves-il%c2%b7lusions","status":"publish","type":"post","link":"https:\/\/comtal.org\/es\/nou-curs-noves-il%c2%b7lusions\/","title":{"rendered":"Nou curs, noves il\u00b7lusions"},"content":{"rendered":"<div style=\"text-align: justify;\"><a href=\"https:\/\/comtal.org\/wp-content\/uploads\/Trobada.inici_.curs_.jpg\"><img loading=\"lazy\" decoding=\"async\" class=\"alignleft size-full wp-image-281\" title=\"Trobada.inici.curs\" src=\"https:\/\/comtal.org\/wp-content\/uploads\/Trobada.inici_.curs_.jpg\" alt=\"\" width=\"350\" height=\"263\" \/><\/a>El setembre ja \u00e9s aqu\u00ed i amb ell la tornada a la vida quotidiana. \u00a0Per aix\u00f2, el passat <strong>dia 13,<\/strong> el <strong><a href=\"https:\/\/comtal.org\/index.php?lan=1\" target=\"_blank\">Centre Obert Tria<\/a><\/strong> va rebre els voluntaris\/es per celebrar una <strong>sessi\u00f3 informativa d\u2019inici de curs<\/strong>.<\/div>\n<div style=\"text-align: justify;\">Per rememorar els bons moments del <strong>Casal d\u2019estiu<\/strong> la reuni\u00f3 va comen\u00e7ar amb una recopilaci\u00f3 fotogr\u00e0fica d\u2019aquells dies de juliol. Aigua, escuma, balls i molts somriures van omplir d\u2019energia la presentaci\u00f3, i de for\u00e7a i ganes de treballar a tots els voluntaris\/es que hi eren presents.<\/div>\n<div style=\"text-align: justify;\">Aprofitant el bon ambient que s\u2019havia creat els assistents es van anar presentant i van tenir la sorpresa de con\u00e8ixer a la <strong>Izaskun Basterretxea<\/strong>, que s\u2019encarregar\u00e0 a partir d\u2019ara de temes de Voluntariat. \u00a0En aquest moment, la <strong>Montse Pedret<\/strong>, coordinadora de Voluntariat i del Centre Obert Tria, va agafar la paraula per fer un recordatori dels diversos projectes que hi ha en marxa a la <strong>Fundaci\u00f3 Comtal<\/strong>.<\/div>\n<div style=\"text-align: justify;\">Seguint amb la sessi\u00f3 informativa, la <strong>Laura Herrero<\/strong>, t\u00e8cnica de Comunicaci\u00f3 i Captaci\u00f3, va fer una breu explicaci\u00f3 del <strong>nou local<\/strong>, que entre tots\/es estem intentant fer possible. I va enumerar totes les iniciatives que tenim engegades per recaptar fons, com el bloc Tria Espa<a href=\"http:\/\/www.lasalle.cat\/triaespai\" target=\"_blank\" rel=\"noopener\">i<\/a> o la p\u00e0gina <a href=\"http:\/\/www.migranodearena.org\/Fundaci%C3%B3%20Comtal1\" target=\"_blank\" rel=\"noopener\">migranodearena.org<\/a>. Per \u00faltim, el <strong>Pere Vivancos<\/strong>, voluntari de la Fundaci\u00f3 Comtal, ens va animar a tots\/es, amb la seva experi\u00e8ncia, a escriure al bloc <strong>Va de Vides<\/strong>.<\/div>\n<div style=\"text-align: justify;\">Un cop finalitzat l\u2019acte els assistents van poder gaudir d\u2019un petit pica-pica mentre conversaven i compartien les seves ganes d\u2019iniciar un nou curs.<\/div>\n<p style=\"text-align: justify;\">\n<p style=\"text-align: justify;\"><span style=\"font-family: 'Lucida Sans', 'Lucida Sans Unicode', 'Lucida Grande', Verdana, sans-serif; line-height: normal;\"><strong>Article fet\u00a0per l\u2019Olga P\u00e9rez i la Sabrina Luis, volunt\u00e0ries del departament de Comunicaci\u00f3 i del Centre Obert Tria.<\/strong><\/span><\/p>\n","protected":false},"excerpt":{"rendered":"<p>El setembre ja \u00e9s aqu\u00ed i amb ell la tornada a la vida quotidiana. \u00a0Per aix\u00f2, el passat dia 13, el Centre Obert Tria va rebre els voluntaris\/es per celebrar [&hellip;]<\/p>\n","protected":false},"author":2,"featured_media":13089,"comment_status":"closed","ping_status":"closed","sticky":false,"template":"","format":"standard","meta":{"footnotes":""},"categories":[277],"tags":[],"class_list":["post-13088","post","type-post","status-publish","format-standard","has-post-thumbnail","hentry","category-testimonials"],"_links":{"self":[{"href":"https:\/\/comtal.org\/es\/wp-json\/wp\/v2\/posts\/13088","targetHints":{"allow":["GET"]}}],"collection":[{"href":"https:\/\/comtal.org\/es\/wp-json\/wp\/v2\/posts"}],"about":[{"href":"https:\/\/comtal.org\/es\/wp-json\/wp\/v2\/types\/post"}],"author":[{"embeddable":true,"href":"https:\/\/comtal.org\/es\/wp-json\/wp\/v2\/users\/2"}],"replies":[{"embeddable":true,"href":"https:\/\/comtal.org\/es\/wp-json\/wp\/v2\/comments?post=13088"}],"version-history":[{"count":1,"href":"https:\/\/comtal.org\/es\/wp-json\/wp\/v2\/posts\/13088\/revisions"}],"predecessor-version":[{"id":13491,"href":"https:\/\/comtal.org\/es\/wp-json\/wp\/v2\/posts\/13088\/revisions\/13491"}],"wp:featuredmedia":[{"embeddable":true,"href":"https:\/\/comtal.org\/es\/wp-json\/wp\/v2\/media\/13089"}],"wp:attachment":[{"href":"https:\/\/comtal.org\/es\/wp-json\/wp\/v2\/media?parent=13088"}],"wp:term":[{"taxonomy":"category","embeddable":true,"href":"https:\/\/comtal.org\/es\/wp-json\/wp\/v2\/categories?post=13088"},{"taxonomy":"post_tag","embeddable":true,"href":"https:\/\/comtal.org\/es\/wp-json\/wp\/v2\/tags?post=13088"}],"curies":[{"name":"wp","href":"https:\/\/api.w.org\/{rel}","templated":true}]}}