{"id":13082,"date":"2010-07-21T00:00:00","date_gmt":"2010-07-21T00:00:00","guid":{"rendered":"https:\/\/comtal.org\/la-magia-de-la-musica\/"},"modified":"2016-10-31T13:39:56","modified_gmt":"2016-10-31T13:39:56","slug":"la-magia-de-la-musica","status":"publish","type":"post","link":"https:\/\/comtal.org\/es\/la-magia-de-la-musica\/","title":{"rendered":"La m\u00e0gia de la m\u00fasica"},"content":{"rendered":"<p style=\"text-align: justify;\"><a href=\"https:\/\/comtal.org\/wp-content\/uploads\/hiphop_olga.jpg\"><img loading=\"lazy\" decoding=\"async\" class=\"alignleft size-full wp-image-254\" title=\"hiphop_olga\" src=\"https:\/\/comtal.org\/wp-content\/uploads\/hiphop_olga.jpg\" alt=\"\" width=\"350\" height=\"263\" \/><\/a>Hi ha coses que encara em sorprenen com a persona i m\u2019agrada descobrir que hi ha t\u00f2pics que s\u00f3n veritat. Considero que la m\u00fasica \u00e9s essencial a la vida i gracies a ella vaig constatar que: amansa les feres, arriba directament al cor, i que \u00e9s un llenguatge universal que no ent\u00e9n de races, idiomes o edats.<\/p>\n<p style=\"text-align: justify;\">Eren les 15 hores d\u2019un dimecres del mes de juliol, nerviosa i sense saber molt b\u00e9 que m\u2019esperava vaig entrar al <strong>Casal<\/strong> d\u2019estiu de la <strong>Fundaci\u00f3 Comtal<\/strong> per impartir un taller de hip hop com a volunt\u00e0ria; tenia dues hores per davant i una desena de nens\/es que necessitava mantenir entretinguts i motivats.<\/p>\n<p style=\"text-align: justify;\">Per mi el hip hop \u00e9s molt m\u00e9s que m\u00fasica, \u00e9s la meva cultura. El fet que, actualment, aquest sigui un g\u00e8nere popular entre els joves em va donar l\u2019avantatge de tenir motivats aquells nens abans de con\u00e8ixer-me. Tot i que el <strong>Casal<\/strong> havia estat una mica conflictiu aquella setmana i la sensaci\u00f3 de bogeria era palpable, per\u00f2 nom\u00e9s vaig necessitar d\u2019uns minuts perqu\u00e8 aquell grup de nens participessin en la primera part del taller que havia preparat: una mirada r\u00e0pida per la hist\u00f2ria del g\u00e8nere.<\/p>\n<p style=\"text-align: justify;\">Vam fer una gran rotllana, on amb un r\u00e0pid cop d\u2019ull podies veure representat cadascun del continents, diferents colors i religions, idiomes i sexes, per\u00f2 a l\u2019aula l\u2019\u00fanic important era seguir el ritme que est\u00e0vem creant a base de cops, palmades i \u201c<em>heys<\/em>\u201d. Una estona m\u00e9s tard, alguns vam preparar una coreografia, mentre d\u2019altres es van seure o buscaven la seva can\u00e7\u00f3 preferida al cd que havia portat, per\u00f2 tots est\u00e0vem concentrats en una sola cosa: La <strong>m\u00fasica<\/strong>.<\/p>\n<p style=\"text-align: justify;\">Durant dues hores de <strong>taller<\/strong> ning\u00fa es va <em>desmadrar<\/em>, ning\u00fa es va barallar, atents miraven ballar o seguien els passos de ball, i aix\u00f2 que les condicions no ens van acompanyar: l\u2019equip de m\u00fasica sonava baix, i per escoltar-lo vam haver de tancar les finestres i, per conseg\u00fcent, aguantar l\u2019horrible calor que es concentrava a l\u2019aula.\u00a0 Tot i les gotes de suor vam acabar una coreografia que nom\u00e9s entenia un idioma: La <strong>m\u00fasica<\/strong>.\u00a0<\/p>\n<p style=\"text-align: justify;\"><em>Nietzsche<\/em> va dir una vegada que sense <strong>m\u00fasica<\/strong> la vida seria un error, i <em>Tchaikovski<\/em> que sense ella hi hauria m\u00e9s raons per tornar-se boig; jo dic que amb <strong>m\u00fasica i esfor\u00e7<\/strong> es pot fer m\u00e0gia i et pots entendre amb qualsevol nen\/a que et proposis.\u00a0<\/p>\n<p style=\"text-align: justify;\"><strong>Article fet\u00a0per l\u2019Olga P\u00e9rez, volunt\u00e0ria del departament de Comunicaci\u00f3 i del Centre Obert.<\/strong><\/p>\n","protected":false},"excerpt":{"rendered":"<p>Hi ha coses que encara em sorprenen com a persona i m\u2019agrada descobrir que hi ha t\u00f2pics que s\u00f3n veritat. Considero que la m\u00fasica \u00e9s essencial a la vida i [&hellip;]<\/p>\n","protected":false},"author":2,"featured_media":13083,"comment_status":"closed","ping_status":"closed","sticky":false,"template":"","format":"standard","meta":{"footnotes":""},"categories":[277],"tags":[],"class_list":["post-13082","post","type-post","status-publish","format-standard","has-post-thumbnail","hentry","category-testimonials"],"_links":{"self":[{"href":"https:\/\/comtal.org\/es\/wp-json\/wp\/v2\/posts\/13082","targetHints":{"allow":["GET"]}}],"collection":[{"href":"https:\/\/comtal.org\/es\/wp-json\/wp\/v2\/posts"}],"about":[{"href":"https:\/\/comtal.org\/es\/wp-json\/wp\/v2\/types\/post"}],"author":[{"embeddable":true,"href":"https:\/\/comtal.org\/es\/wp-json\/wp\/v2\/users\/2"}],"replies":[{"embeddable":true,"href":"https:\/\/comtal.org\/es\/wp-json\/wp\/v2\/comments?post=13082"}],"version-history":[{"count":1,"href":"https:\/\/comtal.org\/es\/wp-json\/wp\/v2\/posts\/13082\/revisions"}],"predecessor-version":[{"id":13494,"href":"https:\/\/comtal.org\/es\/wp-json\/wp\/v2\/posts\/13082\/revisions\/13494"}],"wp:featuredmedia":[{"embeddable":true,"href":"https:\/\/comtal.org\/es\/wp-json\/wp\/v2\/media\/13083"}],"wp:attachment":[{"href":"https:\/\/comtal.org\/es\/wp-json\/wp\/v2\/media?parent=13082"}],"wp:term":[{"taxonomy":"category","embeddable":true,"href":"https:\/\/comtal.org\/es\/wp-json\/wp\/v2\/categories?post=13082"},{"taxonomy":"post_tag","embeddable":true,"href":"https:\/\/comtal.org\/es\/wp-json\/wp\/v2\/tags?post=13082"}],"curies":[{"name":"wp","href":"https:\/\/api.w.org\/{rel}","templated":true}]}}