{"id":13080,"date":"2010-07-19T00:00:00","date_gmt":"2010-07-19T00:00:00","guid":{"rendered":"https:\/\/comtal.org\/ser-voluntari\/"},"modified":"2016-10-31T13:39:56","modified_gmt":"2016-10-31T13:39:56","slug":"ser-voluntari","status":"publish","type":"post","link":"https:\/\/comtal.org\/es\/ser-voluntari\/","title":{"rendered":"Ser Voluntari"},"content":{"rendered":"<p><a href=\"https:\/\/comtal.org\/wp-content\/uploads\/pere-vivancos-blog.jpg\"><img loading=\"lazy\" decoding=\"async\" class=\"alignleft size-full wp-image-246\" title=\"pere vivancos blog\" src=\"https:\/\/comtal.org\/wp-content\/uploads\/pere-vivancos-blog.jpg\" alt=\"\" width=\"350\" height=\"263\" \/><\/a>S\u00f3c en Pere Vivancos, voluntari del <a href=\"https:\/\/comtal.org\/index.php?op=5&amp;sop=0&amp;lan=0\">Centre Obert Tria <\/a>de la Fundaci\u00f3 Comtal. Aquest curs he col\u00b7laborat en el suport escolar d\u2019un grup de noies de batxillerat. El curs vinent, col\u00b7laborar\u00e9 en el que calgui, ja que per aix\u00f2 s\u00f3c voluntari.  El ser voluntari \u00e9s, per a mi, una manera, entre d\u2019altres, de concretar la meva fe i el meu comprom\u00eds. Segons el Diccionari de la Llengua Catalana, &#8216;voluntari&#8217; \u00e9s &#8216;que neix de la voluntat&#8217;, i &#8216;voluntat&#8217; \u00e9s &#8216;pot\u00e8ncia de l\u2019\u00e0nima que ens mou a fer&#8217;. Tots els voluntaris i volunt\u00e0ries tenim una \u00e0nima que ens mou a fer, tant se val d\u2019on begui aquesta \u00e0nima. I aquesta \u00e0nima ens fa ser.  La Fundaci\u00f3 Comtal \u00e9s una d\u2019aquelles organitzacions que d\u00f3na l\u2019oportunitat de ser voluntari. I ens acull per contribuir, des de la nostra petita aportaci\u00f3, a una missi\u00f3 compartida per tots els que hi som.  Ser voluntari \u00e9s, al meu entendre, un estat d\u2019\u00e0nim -un estat de l\u2019\u00e0nima- que et duu a fer per contribuir a una causa major. <strong>Pere Vivancos, voluntari de la Fundaci\u00f3 Comtal<\/strong><\/p>\n","protected":false},"excerpt":{"rendered":"<p>S\u00f3c en Pere Vivancos, voluntari del Centre Obert Tria de la Fundaci\u00f3 Comtal. Aquest curs he col\u00b7laborat en el suport escolar d\u2019un grup de noies de batxillerat. El curs vinent, [&hellip;]<\/p>\n","protected":false},"author":2,"featured_media":13081,"comment_status":"closed","ping_status":"closed","sticky":false,"template":"","format":"standard","meta":{"footnotes":""},"categories":[277],"tags":[],"class_list":["post-13080","post","type-post","status-publish","format-standard","has-post-thumbnail","hentry","category-testimonials"],"_links":{"self":[{"href":"https:\/\/comtal.org\/es\/wp-json\/wp\/v2\/posts\/13080","targetHints":{"allow":["GET"]}}],"collection":[{"href":"https:\/\/comtal.org\/es\/wp-json\/wp\/v2\/posts"}],"about":[{"href":"https:\/\/comtal.org\/es\/wp-json\/wp\/v2\/types\/post"}],"author":[{"embeddable":true,"href":"https:\/\/comtal.org\/es\/wp-json\/wp\/v2\/users\/2"}],"replies":[{"embeddable":true,"href":"https:\/\/comtal.org\/es\/wp-json\/wp\/v2\/comments?post=13080"}],"version-history":[{"count":1,"href":"https:\/\/comtal.org\/es\/wp-json\/wp\/v2\/posts\/13080\/revisions"}],"predecessor-version":[{"id":13495,"href":"https:\/\/comtal.org\/es\/wp-json\/wp\/v2\/posts\/13080\/revisions\/13495"}],"wp:featuredmedia":[{"embeddable":true,"href":"https:\/\/comtal.org\/es\/wp-json\/wp\/v2\/media\/13081"}],"wp:attachment":[{"href":"https:\/\/comtal.org\/es\/wp-json\/wp\/v2\/media?parent=13080"}],"wp:term":[{"taxonomy":"category","embeddable":true,"href":"https:\/\/comtal.org\/es\/wp-json\/wp\/v2\/categories?post=13080"},{"taxonomy":"post_tag","embeddable":true,"href":"https:\/\/comtal.org\/es\/wp-json\/wp\/v2\/tags?post=13080"}],"curies":[{"name":"wp","href":"https:\/\/api.w.org\/{rel}","templated":true}]}}