{"id":13078,"date":"2010-07-05T00:00:00","date_gmt":"2010-07-05T00:00:00","guid":{"rendered":"https:\/\/comtal.org\/en-que-sassemblen-el-centre-obert-i-una-companyia-telefonica\/"},"modified":"2016-10-31T13:39:56","modified_gmt":"2016-10-31T13:39:56","slug":"en-que-sassemblen-el-centre-obert-i-una-companyia-telefonica","status":"publish","type":"post","link":"https:\/\/comtal.org\/es\/en-que-sassemblen-el-centre-obert-i-una-companyia-telefonica\/","title":{"rendered":"En qu\u00e8 s\u2019assemblen el centre obert i una companyia telef\u00f2nica?"},"content":{"rendered":"<p><a href=\"https:\/\/comtal.org\/wp-content\/uploads\/Anecdota.trobada.voluntaris.jpg\"><img loading=\"lazy\" decoding=\"async\" class=\"alignleft size-full wp-image-241\" title=\"Anecdota.trobada.voluntaris\" src=\"https:\/\/comtal.org\/wp-content\/uploads\/Anecdota.trobada.voluntaris.jpg\" alt=\"\" width=\"350\" height=\"263\" \/><\/a>En un principi la <strong>Fundaci\u00f3<\/strong> nom\u00e9s at\u00e9n a gent que no superi els 35 anys, per\u00f2 tot i aix\u00ed hi ha molta gent m\u00e9s gran que hi arriba buscant ajuda. Tot i tenir aquesta restricci\u00f3 ning\u00fa marxa del Centre sense que sigui ajudat o aconsellat. Podr\u00edem pensar que no hem d\u2019ocupar-nos d\u2019aquestes persones, per\u00f2 no \u00e9s aix\u00ed. Podr\u00edem comparar aquestes persones amb aquelles trucades incessants que rebem cont\u00ednuament de les companyies telef\u00f2niques i que evitem contestar. Per\u00f2 aix\u00f2 al Centre no passa, tothom t\u00e9 dret a rebre una resposta. \u00c9s igual la feina que hi hagi o les ganes que tinguem de marxar, a la <strong>Fundaci\u00f3<\/strong> s\u2019intenta que tothom que surt per la porta estigui at\u00e8s. Perqu\u00e8, a alg\u00fa li agrada ser ignorat quan necessita ajuda?  <strong>La trobada del Voluntariat<\/strong> ens va deixar grans moments i an\u00e8cdotes. Entre elles aquesta que ens va explicar un dels voluntaris de la recepci\u00f3 del <strong>Centre Obert<\/strong>. Entre rialla i rialla aquesta an\u00e8cdota ens va fer reflexionar sobre com \u00e9s d\u2019important la feina que fa la <strong>Fundaci\u00f3<\/strong> i la dels seus voluntaris\/es.  <strong>Article fet\u00a0per la Sabrina Luis i l\u2019Olga P\u00e9rez, volunt\u00e0ries del departament de Comunicaci\u00f3 i del Centre Obert.<\/strong><\/p>\n","protected":false},"excerpt":{"rendered":"<p>En un principi la Fundaci\u00f3 nom\u00e9s at\u00e9n a gent que no superi els 35 anys, per\u00f2 tot i aix\u00ed hi ha molta gent m\u00e9s gran que hi arriba buscant ajuda. [&hellip;]<\/p>\n","protected":false},"author":2,"featured_media":13079,"comment_status":"closed","ping_status":"closed","sticky":false,"template":"","format":"standard","meta":{"footnotes":""},"categories":[277],"tags":[],"class_list":["post-13078","post","type-post","status-publish","format-standard","has-post-thumbnail","hentry","category-testimonials"],"_links":{"self":[{"href":"https:\/\/comtal.org\/es\/wp-json\/wp\/v2\/posts\/13078","targetHints":{"allow":["GET"]}}],"collection":[{"href":"https:\/\/comtal.org\/es\/wp-json\/wp\/v2\/posts"}],"about":[{"href":"https:\/\/comtal.org\/es\/wp-json\/wp\/v2\/types\/post"}],"author":[{"embeddable":true,"href":"https:\/\/comtal.org\/es\/wp-json\/wp\/v2\/users\/2"}],"replies":[{"embeddable":true,"href":"https:\/\/comtal.org\/es\/wp-json\/wp\/v2\/comments?post=13078"}],"version-history":[{"count":1,"href":"https:\/\/comtal.org\/es\/wp-json\/wp\/v2\/posts\/13078\/revisions"}],"predecessor-version":[{"id":13496,"href":"https:\/\/comtal.org\/es\/wp-json\/wp\/v2\/posts\/13078\/revisions\/13496"}],"wp:featuredmedia":[{"embeddable":true,"href":"https:\/\/comtal.org\/es\/wp-json\/wp\/v2\/media\/13079"}],"wp:attachment":[{"href":"https:\/\/comtal.org\/es\/wp-json\/wp\/v2\/media?parent=13078"}],"wp:term":[{"taxonomy":"category","embeddable":true,"href":"https:\/\/comtal.org\/es\/wp-json\/wp\/v2\/categories?post=13078"},{"taxonomy":"post_tag","embeddable":true,"href":"https:\/\/comtal.org\/es\/wp-json\/wp\/v2\/tags?post=13078"}],"curies":[{"name":"wp","href":"https:\/\/api.w.org\/{rel}","templated":true}]}}