{"id":13076,"date":"2010-06-28T00:00:00","date_gmt":"2010-06-28T00:00:00","guid":{"rendered":"https:\/\/comtal.org\/tothom-fa-duna-manera-o-duna-altre-voluntariat\/"},"modified":"2016-10-31T13:39:56","modified_gmt":"2016-10-31T13:39:56","slug":"tothom-fa-duna-manera-o-duna-altre-voluntariat","status":"publish","type":"post","link":"https:\/\/comtal.org\/es\/tothom-fa-duna-manera-o-duna-altre-voluntariat\/","title":{"rendered":"\u201cTOTHOM FA D\u2019UNA MANERA O D\u2019UNA ALTRE VOLUNTARIAT\u201d"},"content":{"rendered":"<p style=\"text-align: justify;\">Testimonis, rialles i an\u00e8cdotes van ser la clau de la trobada de final de curs del Voluntariat. El 17 de juny es va celebrar, al <strong>Centre Obert<\/strong>, la cloenda de tot un any de feina on voluntaris\/es i educadors\/es van compartir les seves experi\u00e8ncies i sentiments.<\/p>\n<p style=\"text-align: justify;\"><a href=\"https:\/\/comtal.org\/wp-content\/uploads\/trobada-voluntariat.jpg\"><img loading=\"lazy\" decoding=\"async\" class=\"alignleft size-full wp-image-233\" title=\"trobada voluntariat\" src=\"https:\/\/comtal.org\/wp-content\/uploads\/trobada-voluntariat.jpg\" alt=\"\" width=\"350\" height=\"263\" \/><\/a>La <strong>Montse Pedret, responsable de Voluntariat de la Fundaci\u00f3<\/strong>, va ser l\u2019encarregada d\u2019obrir la tarda amb una explicaci\u00f3 de tots els projectes que formen part de la <strong>Fundaci\u00f3 Comtal. \u201cSovint penso que la meva tasca \u00e9s petita, avui he vist que totes sumades es converteixen en alguna cosa molt m\u00e9s gran\u201d<\/strong>, ens deia una volunt\u00e0ria. Aix\u00ed es va deixar en evid\u00e8ncia que tothom pot ajudar; que tots i totes podem posar el nostre granet de sorra per fer realitat el treball diari del centre.<\/p>\n<p style=\"text-align: justify;\">Seguidament <strong>l\u2019Anna Eguia, coordinadora de la <a href=\"http:\/\/www.voluntaris.cat\/\" target=\"_blank\" rel=\"noopener\">Federaci\u00f3 Catalana de Voluntariat Social (FCVS)<\/a> a Barcelona<\/strong>, va mostrar quina \u00e9s la tasca de la Federaci\u00f3. Aquesta \u00e9s l\u2019encarregada d\u2019agrupar totes les entitats, que com la Fundaci\u00f3, necessiten del voluntariat per cr\u00e9ixer.<\/p>\n<p style=\"text-align: justify;\">Aquesta\u00a0 primera part de l\u2019acte va acabar amb una breu explicaci\u00f3 del <strong><a href=\"http:\/\/www.centrepassatge.com\/index.php\" target=\"_blank\" rel=\"noopener\">Centre Passatge<\/a><\/strong> i amb el testimoni de la Maria, una de les seves volunt\u00e0ries. Aquest Centre, situat a l\u2019Eixample, ofereix uns serveis similars als que desenvolupa la Fundaci\u00f3, on l\u2019important \u00e9s la interacci\u00f3 i l\u2019aprenentatge de tothom.\u00a0<\/p>\n<p> A partir d\u2019aqu\u00ed els voluntaris\/es van agafar el torn de paraula i van compartir les seves experi\u00e8ncies. <strong>\u201cUn dia a la setmana per rebre energia positiva dels alumnes, personal de la Fundaci\u00f3 i voluntaris\u201d<\/strong>, explicava amb il\u2022lusi\u00f3 un voluntari. Tot i que al principi va costar, poc a poc els assistents es van anar obrint, no nom\u00e9s per explicar les seves experi\u00e8ncies positives, sin\u00f3 tamb\u00e9 per mostrar les seves frustracions i avaluar tot all\u00f2 que els envolta dins la Fundaci\u00f3. <strong>\u201cSempre es diu que es rep m\u00e9s del que es d\u00f3na, per\u00f2 per mi ser volunt\u00e0ria m\u2019ha fet superar-me a mi mateixa, a les meves pors, per tal de millorar l\u2019altre\u201d,<\/strong> compartia una de les assistents. <\/p>\n<p style=\"text-align: justify;\">Per finalitzar la trobada amb bon gust, i despr\u00e9s d\u2019omplir unes enquestes, <strong>els voluntaris\/es van ser obsequiats amb la caixa de bombons de Petit Plaisir<\/strong>, una de les empreses que han fet possible el premi \u201c5 caves 5 projectes solidaris\u201d, que enguany ha guanyat la <strong>Fundaci\u00f3 Comtal<\/strong>.<\/p>\n<p style=\"text-align: justify;\">Truites, cava i past\u00eds de xocolata van posar el punt final a una festa on el Voluntariat va ser el protagonista i les seves experi\u00e8ncies, el plat fort. Moltes reflexions es van escriure en post-it, per\u00f2 ens quedem amb l\u2019eterna inc\u00f2gnita de qui surt m\u00e9s beneficiat. Aix\u00ed ho manifesta una de les participants: <strong>\u201cFa molt poc que s\u00f3c volunt\u00e0ria per\u00f2 el que puc dir, \u00e9s que molts dies he tornat a casa despr\u00e9s de fer Voluntariat molt plena. Per tant qui ajuda a qui?\u201d<\/strong><\/p>\n<p style=\"text-align: justify;\"><strong>Article fet\u00a0per l&#8217;Olga P\u00e9rez i la Sabrina Luis, volunt\u00e0ries del departament de Comunicaci\u00f3 i del Centre Obert.<\/strong><\/p>\n","protected":false},"excerpt":{"rendered":"<p>Testimonis, rialles i an\u00e8cdotes van ser la clau de la trobada de final de curs del Voluntariat. El 17 de juny es va celebrar, al Centre Obert, la cloenda de [&hellip;]<\/p>\n","protected":false},"author":2,"featured_media":13077,"comment_status":"closed","ping_status":"closed","sticky":false,"template":"","format":"standard","meta":{"footnotes":""},"categories":[277],"tags":[],"class_list":["post-13076","post","type-post","status-publish","format-standard","has-post-thumbnail","hentry","category-testimonials"],"_links":{"self":[{"href":"https:\/\/comtal.org\/es\/wp-json\/wp\/v2\/posts\/13076","targetHints":{"allow":["GET"]}}],"collection":[{"href":"https:\/\/comtal.org\/es\/wp-json\/wp\/v2\/posts"}],"about":[{"href":"https:\/\/comtal.org\/es\/wp-json\/wp\/v2\/types\/post"}],"author":[{"embeddable":true,"href":"https:\/\/comtal.org\/es\/wp-json\/wp\/v2\/users\/2"}],"replies":[{"embeddable":true,"href":"https:\/\/comtal.org\/es\/wp-json\/wp\/v2\/comments?post=13076"}],"version-history":[{"count":1,"href":"https:\/\/comtal.org\/es\/wp-json\/wp\/v2\/posts\/13076\/revisions"}],"predecessor-version":[{"id":13497,"href":"https:\/\/comtal.org\/es\/wp-json\/wp\/v2\/posts\/13076\/revisions\/13497"}],"wp:featuredmedia":[{"embeddable":true,"href":"https:\/\/comtal.org\/es\/wp-json\/wp\/v2\/media\/13077"}],"wp:attachment":[{"href":"https:\/\/comtal.org\/es\/wp-json\/wp\/v2\/media?parent=13076"}],"wp:term":[{"taxonomy":"category","embeddable":true,"href":"https:\/\/comtal.org\/es\/wp-json\/wp\/v2\/categories?post=13076"},{"taxonomy":"post_tag","embeddable":true,"href":"https:\/\/comtal.org\/es\/wp-json\/wp\/v2\/tags?post=13076"}],"curies":[{"name":"wp","href":"https:\/\/api.w.org\/{rel}","templated":true}]}}