{"id":13074,"date":"2010-06-16T00:00:00","date_gmt":"2010-06-16T00:00:00","guid":{"rendered":"https:\/\/comtal.org\/la-meva-vivencia\/"},"modified":"2016-10-31T13:39:56","modified_gmt":"2016-10-31T13:39:56","slug":"la-meva-vivencia","status":"publish","type":"post","link":"https:\/\/comtal.org\/es\/la-meva-vivencia\/","title":{"rendered":"La meva viv\u00e8ncia"},"content":{"rendered":"<p><a href=\"https:\/\/comtal.org\/wp-content\/uploads\/Vivencia_AntoniPalom.jpg\"><img loading=\"lazy\" decoding=\"async\" class=\"size-full wp-image-228 alignleft\" title=\"Vivencia_AntoniPalom\" src=\"https:\/\/comtal.org\/wp-content\/uploads\/Vivencia_AntoniPalom.jpg\" alt=\"\" width=\"350\" height=\"263\" \/><\/a> <\/p>\n<p style=\"text-align: justify;\">El primer: Els nois, de diferents cultures i edats , s\u2019estimen el <strong>Centre<\/strong><\/p>\n<div class=\"mceTemp\" style=\"text-align: justify;\">  Venen cansats de l\u2019escola, a vegades amb poques ganes de treballar, per\u00f2 s\u2019hi troben b\u00e9: \u00e9s el seu cau, els seus companys, els monitors i, sobre tot, els que dirigeixen el <strong>Centre<\/strong> que, a m\u00e9s, dediquen moltes hores.  <\/div>\n<p style=\"text-align: justify;\">Tamb\u00e9 \u00e9s una gran experi\u00e8ncia la relaci\u00f3 amb els companys (monitors i dirigents), vius moments molt bonics. Admiro la seva il\u2022lusi\u00f3, disponibilitat i confian\u00e7a; et trobes molt b\u00e9, com amics de tota la vida, incl\u00fas aquells que nom\u00e9s han fet les pr\u00e0ctiques i ja no hi s\u00f3n, tots et deixen una petjada de simpatia i dedicaci\u00f3.<\/p>\n<p style=\"text-align: justify;\">Porto molts anys fent de mestre i hem trobo molt, i molt b\u00e9, amb nous descobriments cada dia, la relaci\u00f3 viva amb persones \u00e9s meravellosa. Els alumnes, de totes les edats, et rejoveneixen i donen ple sentit a la teva vida.<\/p>\n<p style=\"text-align: justify;\">Dins d\u2019aquest marc reconec que l\u2019experi\u00e8ncia d\u2019aquest mesos al <strong>TRIA<\/strong> ha estat molt feli\u00e7 i enriquidora. Aquesta dedicaci\u00f3 val la pena! <strong>No t\u2019ho pensis dues vegades, si pots, fes-s\u2019ho<\/strong>.<\/p>\n<p> <em>TRIA: 2010, novembre\u00a0 a juny<\/em> <strong>Article escrit per Antoni Palom, germ\u00e0 de La Salle<\/strong><\/p>\n","protected":false},"excerpt":{"rendered":"<p>El primer: Els nois, de diferents cultures i edats , s\u2019estimen el Centre Venen cansats de l\u2019escola, a vegades amb poques ganes de treballar, per\u00f2 s\u2019hi troben b\u00e9: \u00e9s el [&hellip;]<\/p>\n","protected":false},"author":2,"featured_media":13075,"comment_status":"closed","ping_status":"closed","sticky":false,"template":"","format":"standard","meta":{"footnotes":""},"categories":[277],"tags":[],"class_list":["post-13074","post","type-post","status-publish","format-standard","has-post-thumbnail","hentry","category-testimonials"],"_links":{"self":[{"href":"https:\/\/comtal.org\/es\/wp-json\/wp\/v2\/posts\/13074","targetHints":{"allow":["GET"]}}],"collection":[{"href":"https:\/\/comtal.org\/es\/wp-json\/wp\/v2\/posts"}],"about":[{"href":"https:\/\/comtal.org\/es\/wp-json\/wp\/v2\/types\/post"}],"author":[{"embeddable":true,"href":"https:\/\/comtal.org\/es\/wp-json\/wp\/v2\/users\/2"}],"replies":[{"embeddable":true,"href":"https:\/\/comtal.org\/es\/wp-json\/wp\/v2\/comments?post=13074"}],"version-history":[{"count":1,"href":"https:\/\/comtal.org\/es\/wp-json\/wp\/v2\/posts\/13074\/revisions"}],"predecessor-version":[{"id":13498,"href":"https:\/\/comtal.org\/es\/wp-json\/wp\/v2\/posts\/13074\/revisions\/13498"}],"wp:featuredmedia":[{"embeddable":true,"href":"https:\/\/comtal.org\/es\/wp-json\/wp\/v2\/media\/13075"}],"wp:attachment":[{"href":"https:\/\/comtal.org\/es\/wp-json\/wp\/v2\/media?parent=13074"}],"wp:term":[{"taxonomy":"category","embeddable":true,"href":"https:\/\/comtal.org\/es\/wp-json\/wp\/v2\/categories?post=13074"},{"taxonomy":"post_tag","embeddable":true,"href":"https:\/\/comtal.org\/es\/wp-json\/wp\/v2\/tags?post=13074"}],"curies":[{"name":"wp","href":"https:\/\/api.w.org\/{rel}","templated":true}]}}