{"id":13072,"date":"2010-05-31T00:00:00","date_gmt":"2010-05-31T00:00:00","guid":{"rendered":"https:\/\/comtal.org\/el-voluntariat-unes-ulleres-per-veure-hi-de-lluny\/"},"modified":"2016-11-02T16:32:53","modified_gmt":"2016-11-02T16:32:53","slug":"el-voluntariat-unes-ulleres-per-veure-hi-de-lluny","status":"publish","type":"post","link":"https:\/\/comtal.org\/es\/el-voluntariat-unes-ulleres-per-veure-hi-de-lluny\/","title":{"rendered":"El Voluntariat: Unes ulleres per veure-hi de lluny"},"content":{"rendered":"<p><em>Hi ha pa\u00efsos on el voluntariat t\u00e8cnicament no t\u00e9 ni nom. A la <strong>Fundaci\u00f3 Comtal<\/strong>, la feina del voluntari \u00e9s clau de futur per a la continu\u00eftat del nostre projecte educatiu: l\u2019educaci\u00f3 i la inserci\u00f3 d\u2019infants, adolescents i joves amb risc d\u2019exclusi\u00f3. Els voluntaris ens ofereixen la dedicaci\u00f3 per transformar l\u2019entorn sense demanar res a canvi, per\u00f2 s\u2019emporten un cor ple de noms i experi\u00e8ncies.<\/em><\/p>\n<p style=\"text-align: justify;\"><a href=\"https:\/\/comtal.org\/wp-content\/uploads\/article-roda.jpg\"><img loading=\"lazy\" decoding=\"async\" class=\"alignleft size-full wp-image-219\" title=\"article roda\" src=\"https:\/\/comtal.org\/wp-content\/uploads\/article-roda.jpg\" alt=\"\" width=\"338\" height=\"254\" \/><\/a>La Gemma Xiol, fil\u00f2loga de 27 anys, \u00e9s volunt\u00e0ria de refor\u00e7 escolar al <strong>Centre Obert Tria<\/strong> des de fa un any i mig. Amb una mirada retrospectiva valora la tasca com a volunt\u00e0ria i l\u2019aprenentatge que ha experimentat gr\u00e0cies al recolzament professional: \u201c\u00c9s millor del que em pensava. M\u2019ha sorpr\u00e8s el tracte directe amb els educadors i poder compartir idees amb altres voluntaris\u201d. A m\u00e9s, la Gemma ressalta que ser volunt\u00e0ria li permet \u201ctenir una perspectiva global\u201d del context dels nens a qui fa suport, i de l\u2019impacte social del servei que est\u00e0 realitzant.<\/p>\n<p style=\"text-align: justify;\">El Carles Rafart \u00e9s professor prejubilat i col\u2022labora amb la <strong>Fundaci\u00f3 Comtal<\/strong> des de fa 3 anys com a persona d\u2019acollida en el Punt d\u2019Informaci\u00f3 Juvenil i tamb\u00e9 en el projecte de refor\u00e7 escolar del <strong>Centre Obert Tria<\/strong>. Tant la Gemma com el Carles, que dediquen el seu temps lliure a ensenyar, estan aprenent i experimentant viv\u00e8ncies noves. La Gemma assegura que fer voluntariat li ha proporcionat amplitud de mires: \u201c\u00c9s com unes ulleres per veure-hi de m\u00e9s lluny. Em permet participar activament en el meu entorn i veure m\u00e9s enll\u00e0 del meu m\u00f3n. Cada dia aprenc\u201d. El Carles comenta que els nens a qui fa refor\u00e7 li han ensenyat a tenir molta paci\u00e8ncia i a preparar-se m\u00e9s les classes: \u201cPel seu context social, se\u2019ls ha d\u2019oferir una atenci\u00f3 m\u00e9s constant. Ells noten si est\u00e0s implicat, i necessiten veure\u2019t implicat per respondre\u201d. Com a recepcionista destaca les mostres d\u2019afecte de les persones que arriben buscant una oportunitat: \u201cLa persona entra i t\u2019explica el seu neguit. Potser no la pots ajudar, per\u00f2 igualment et d\u00f3na la m\u00e0 i les gr\u00e0cies. I et somriu. Aquest somriure no t\u00e9 preu\u201d.<\/p>\n<p style=\"text-align: justify;\">La Nerea Sanz i l\u2019Ilham Bayyou, d\u201911 i 12 anys respectivament, s\u00f3n alumnes del Centre Obert per refor\u00e7 escolar i per fer els deures diaris. Les dues confirmen la dedicaci\u00f3 dels voluntaris: \u201cS\u2019expliquen molt b\u00e9, s\u00f3n bones persones, divertides que no ens ajuden nom\u00e9s a fer els deures, sin\u00f3 tamb\u00e9 a raonar\u201d.<\/p>\n<p style=\"text-align: justify;\"><strong>Requisits per ser voluntari?<\/strong> La Gemma ho t\u00e9 clar: \u201cIl\u2022lusi\u00f3, una mica de temps, i no gaire m\u00e9s, perqu\u00e8 est\u00e0s\u00a0 molt acompanyat per l\u2019equip d\u2019educadors\u201d. El Carles afegeix que nom\u00e9s \u201ccal sentir la crida a ser \u00fatil, fer-ho ben fet i amb entusiasme\u201d.<\/p>\n<p style=\"text-align: justify;\"><strong>Publicat a la Revista Carrer n\u00fam. 51 de la Fundaci\u00f3 <a href=\"http:\/\/www.fundaciolaroda.cat\" target=\"_blank\" rel=\"noopener\">La Roda<\/a><\/strong><\/p>\n","protected":false},"excerpt":{"rendered":"<p>Hi ha pa\u00efsos on el voluntariat t\u00e8cnicament no t\u00e9 ni nom. A la Fundaci\u00f3 Comtal, la feina del voluntari \u00e9s clau de futur per a la continu\u00eftat del nostre projecte [&hellip;]<\/p>\n","protected":false},"author":2,"featured_media":13073,"comment_status":"closed","ping_status":"closed","sticky":false,"template":"","format":"standard","meta":{"footnotes":""},"categories":[277],"tags":[],"class_list":["post-13072","post","type-post","status-publish","format-standard","has-post-thumbnail","hentry","category-testimonials"],"_links":{"self":[{"href":"https:\/\/comtal.org\/es\/wp-json\/wp\/v2\/posts\/13072","targetHints":{"allow":["GET"]}}],"collection":[{"href":"https:\/\/comtal.org\/es\/wp-json\/wp\/v2\/posts"}],"about":[{"href":"https:\/\/comtal.org\/es\/wp-json\/wp\/v2\/types\/post"}],"author":[{"embeddable":true,"href":"https:\/\/comtal.org\/es\/wp-json\/wp\/v2\/users\/2"}],"replies":[{"embeddable":true,"href":"https:\/\/comtal.org\/es\/wp-json\/wp\/v2\/comments?post=13072"}],"version-history":[{"count":2,"href":"https:\/\/comtal.org\/es\/wp-json\/wp\/v2\/posts\/13072\/revisions"}],"predecessor-version":[{"id":13590,"href":"https:\/\/comtal.org\/es\/wp-json\/wp\/v2\/posts\/13072\/revisions\/13590"}],"wp:featuredmedia":[{"embeddable":true,"href":"https:\/\/comtal.org\/es\/wp-json\/wp\/v2\/media\/13073"}],"wp:attachment":[{"href":"https:\/\/comtal.org\/es\/wp-json\/wp\/v2\/media?parent=13072"}],"wp:term":[{"taxonomy":"category","embeddable":true,"href":"https:\/\/comtal.org\/es\/wp-json\/wp\/v2\/categories?post=13072"},{"taxonomy":"post_tag","embeddable":true,"href":"https:\/\/comtal.org\/es\/wp-json\/wp\/v2\/tags?post=13072"}],"curies":[{"name":"wp","href":"https:\/\/api.w.org\/{rel}","templated":true}]}}