{"id":13068,"date":"2010-05-31T00:00:00","date_gmt":"2010-05-31T00:00:00","guid":{"rendered":"https:\/\/comtal.org\/descobrim-a-la-laia-savall\/"},"modified":"2016-10-31T13:39:56","modified_gmt":"2016-10-31T13:39:56","slug":"descobrim-a-la-laia-savall","status":"publish","type":"post","link":"https:\/\/comtal.org\/es\/descobrim-a-la-laia-savall\/","title":{"rendered":"Descobrim a la Laia Savall"},"content":{"rendered":"<p><a href=\"https:\/\/comtal.org\/wp-content\/uploads\/Laia-Savall.jpg\"><img decoding=\"async\" class=\"wp-image-862 alignleft\" alt=\"Laia Savall\" src=\"https:\/\/comtal.org\/wp-content\/uploads\/Laia-Savall.jpg\" width=\"291,5\" height=\"388,5\" \/><\/a>\u00a0Laia Savall \u00e9s una educadora que porta m\u00e9s de 3 anys formant part de la <strong>Fundaci\u00f3 Comtal<\/strong>. Parlant amb ella ens hem adonat que \u00e9s una enamorada de la seva feina, i com ella ens explica el que m\u00e9s li agrada \u00e9s <strong>\u201c el tracte amb la gent\u201d <\/strong>Actualment \u00e9s la responsable del projecte inserci\u00f3-prospecci\u00f3, entre d\u2019altres. Aquest projecte fa que la Fundaci\u00f3, amb col\u2022laboraci\u00f3 amb empreses, ajudi a la recerca de feina als participants. Tot i aix\u00f2 l\u2019experi\u00e8ncia no ho \u00e9s tot ja que tamb\u00e9 cal posar-hi esfor\u00e7 i dedicaci\u00f3,<strong> \u201chi ha joves que els hi est\u00e0 costant molt\u00edssim trobar feina, per\u00f2 tamb\u00e9 dep\u00e8n molt de la implicaci\u00f3. Els que hi posen la banya si que n\u2019acaben trobant, encara que siguin feines puntuals o temporals.\u201d <\/strong>La majoria de les empreses les <strong>\u201cbusquem nosaltres\u201d<\/strong> des de la Fundaci\u00f3, encara que hi ha un petit percentatge que es presenta volunt\u00e0riament. Tal com diu la Laia: <strong>\u201cQualsevol empresa que ens vulgui obrir les portes es benvinguda.\u201d<\/strong> <\/p>\n<p style=\"text-align: justify;\">Com no podia ser d\u2019una altre manera en un projecte laboral la crisi est\u00e0 deixant petjada<strong> \u201ccosta m\u00e9s que els nois que participen surtin amb feina, o joves que hav\u00edem at\u00e8s altres vegades, i que tenien feina, tornen perqu\u00e8 l\u2019han perdut.\u201d<\/strong> Per\u00f2 la crisi no impedeix que des de la Fundaci\u00f3 Comtal es segueixi treballant en nous projectes. Per aix\u00f2 la Laia est\u00e0 impulsant un dels seus projectes preferits, un curs de mec\u00e0nica de bicicleta, conjuntament amb un curs de monitors.<\/p>\n<p style=\"text-align: justify;\">Des del projecte Inserci\u00f3-Prospecci\u00f3 s\u2019han assessorat al voltant de les 180 persones, per aix\u00f2 li hem preguntat a la Laia si creu que calen m\u00e9s institucions com aquesta. <strong>\u201cCrec que n\u2019hi ha prous, que tampoc cal parcialitzar. Millor si fundacions com aquesta pogu\u00e9ssim cr\u00e9ixer m\u00e9s.\u201d<\/strong> \u00c9s evident que la Fundaci\u00f3 encara est\u00e0 creixent i la Laia ens d\u00f3na algunes claus perqu\u00e8 ho segueixi fent: <strong>\u201cEstaria b\u00e9 afegir un pla\u00a0 de formaci\u00f3 ocupacional, o algun programa dirigit \u00fanica i exclusivament a les dones.\u201c<\/strong><\/p>\n<p style=\"text-align: justify;\"><strong>Entrevista feta per Olga P\u00e9rez i Sabrina Luis, volunt\u00e0ries del Departament de Comunicaci\u00f3 i del Centre Obert.<\/strong><\/p>\n","protected":false},"excerpt":{"rendered":"<p>\u00a0Laia Savall \u00e9s una educadora que porta m\u00e9s de 3 anys formant part de la Fundaci\u00f3 Comtal. Parlant amb ella ens hem adonat que \u00e9s una enamorada de la seva [&hellip;]<\/p>\n","protected":false},"author":2,"featured_media":13069,"comment_status":"closed","ping_status":"closed","sticky":false,"template":"","format":"standard","meta":{"footnotes":""},"categories":[277],"tags":[],"class_list":["post-13068","post","type-post","status-publish","format-standard","has-post-thumbnail","hentry","category-testimonials"],"_links":{"self":[{"href":"https:\/\/comtal.org\/es\/wp-json\/wp\/v2\/posts\/13068","targetHints":{"allow":["GET"]}}],"collection":[{"href":"https:\/\/comtal.org\/es\/wp-json\/wp\/v2\/posts"}],"about":[{"href":"https:\/\/comtal.org\/es\/wp-json\/wp\/v2\/types\/post"}],"author":[{"embeddable":true,"href":"https:\/\/comtal.org\/es\/wp-json\/wp\/v2\/users\/2"}],"replies":[{"embeddable":true,"href":"https:\/\/comtal.org\/es\/wp-json\/wp\/v2\/comments?post=13068"}],"version-history":[{"count":1,"href":"https:\/\/comtal.org\/es\/wp-json\/wp\/v2\/posts\/13068\/revisions"}],"predecessor-version":[{"id":13499,"href":"https:\/\/comtal.org\/es\/wp-json\/wp\/v2\/posts\/13068\/revisions\/13499"}],"wp:featuredmedia":[{"embeddable":true,"href":"https:\/\/comtal.org\/es\/wp-json\/wp\/v2\/media\/13069"}],"wp:attachment":[{"href":"https:\/\/comtal.org\/es\/wp-json\/wp\/v2\/media?parent=13068"}],"wp:term":[{"taxonomy":"category","embeddable":true,"href":"https:\/\/comtal.org\/es\/wp-json\/wp\/v2\/categories?post=13068"},{"taxonomy":"post_tag","embeddable":true,"href":"https:\/\/comtal.org\/es\/wp-json\/wp\/v2\/tags?post=13068"}],"curies":[{"name":"wp","href":"https:\/\/api.w.org\/{rel}","templated":true}]}}