{"id":13066,"date":"2010-05-19T00:00:00","date_gmt":"2010-05-19T00:00:00","guid":{"rendered":"https:\/\/comtal.org\/sala-despera\/"},"modified":"2016-10-31T13:39:57","modified_gmt":"2016-10-31T13:39:57","slug":"sala-despera","status":"publish","type":"post","link":"https:\/\/comtal.org\/es\/sala-despera\/","title":{"rendered":"Sala d\u2019espera"},"content":{"rendered":"<p><a href=\"https:\/\/comtal.org\/wp-content\/uploads\/sala.jpg\"><img loading=\"lazy\" decoding=\"async\" class=\"alignleft size-full wp-image-205\" title=\"Sala d\u00b4espera\" src=\"https:\/\/comtal.org\/wp-content\/uploads\/sala.jpg\" alt=\"\" width=\"350\" height=\"263\" \/><\/a>A banda de la meva col\u00b7laboraci\u00f3 volunt\u00e0ria a l\u2019entitat en <strong>l\u2019\u00e0mbit de gesti\u00f3<\/strong>, fa uns mesos he estat acompanyant una noia d\u2019un dels programes de la Fundaci\u00f3 a veure la seva parella a la pres\u00f3 de Can Brians. Era els dissabtes pel mat\u00ed i ho vaig fer durant aproximadament sis mesos. La feina no era gens complicada: b\u00e0sicament feia de xofer i d\u2019acompanyant fins que la cridaven i, algunes vegades, l\u00b4acompanyava fins al locutori. Despr\u00e9s l\u2019esperava fora, petant-la amb el funcionari.  <strong>El que m\u00e9s va sobtar-me, i que despr\u00e9s vaig agrair, s\u00f3n les estones (unes quantes hores), que estava a la sala d\u2019espera<\/strong>. Portava un llibre per llegir, per\u00f2 vaig llegir ben poc. O b\u00e9 em donaven conversa, o b\u00e9 ajudava a qualsevol cosa, o b\u00e9, simplement,observava. Observava com aquell matrimoni, que podien ser els teus educats ve\u00efns de sempre, esperaven amb el cap clot que sort\u00eds el seu fill i t\u2019explicaven el gran dolor que portaven dins. O aquella romanesa que omplia el full d\u2019entrega de roba per\u00f2 que no sabia ni com agafar-lo. Tamb\u00e9 aquella gitana que volia entrar roba per a totes les persones de la pres\u00f3 i no nom\u00e9s per a la seva filla. Ella corria per destriar-la i calia ajudar-la. Observava com una \u00e0via que portava unes\u00a0bambes de marca llampants (molt llampants!) durant el \u201cbis a bis\u201d familiar feia canvi de sabates amb el n\u00e9t. Ella anava ben orgullosa i ho xerrava.  Moltes i moltes petites hist\u00f2ries en una sala d\u2019espera qualsevol, on veies passar el patiment, el dolor, la trampeta i tu ben poca cosa podies fer per millorar la situaci\u00f3. <strong>El treball de voluntariat en realitat \u00e9s un aut\u00e8ntic m\u00e0ster universitari per a la vida<\/strong>.  <strong>Jordi Jover, voluntari de l\u00b4\u00e0rea de Gesti\u00f3 de la Fundaci\u00f3 Comtal<\/strong>  *Relat presentat al I Concurs de Relats de Voluntariat per al\u00a0bloc <a title=\"bloc Val la pena\" href=\"http:\/\/blog.voluntaris.cat\/\" target=\"_blank\" rel=\"noopener\">Val la pena!<\/a> de la Federaci\u00f3 Catalana de Voluntariat Social<\/p>\n","protected":false},"excerpt":{"rendered":"<p>A banda de la meva col\u00b7laboraci\u00f3 volunt\u00e0ria a l\u2019entitat en l\u2019\u00e0mbit de gesti\u00f3, fa uns mesos he estat acompanyant una noia d\u2019un dels programes de la Fundaci\u00f3 a veure la [&hellip;]<\/p>\n","protected":false},"author":2,"featured_media":13067,"comment_status":"closed","ping_status":"closed","sticky":false,"template":"","format":"standard","meta":{"footnotes":""},"categories":[277],"tags":[],"class_list":["post-13066","post","type-post","status-publish","format-standard","has-post-thumbnail","hentry","category-testimonials"],"_links":{"self":[{"href":"https:\/\/comtal.org\/es\/wp-json\/wp\/v2\/posts\/13066","targetHints":{"allow":["GET"]}}],"collection":[{"href":"https:\/\/comtal.org\/es\/wp-json\/wp\/v2\/posts"}],"about":[{"href":"https:\/\/comtal.org\/es\/wp-json\/wp\/v2\/types\/post"}],"author":[{"embeddable":true,"href":"https:\/\/comtal.org\/es\/wp-json\/wp\/v2\/users\/2"}],"replies":[{"embeddable":true,"href":"https:\/\/comtal.org\/es\/wp-json\/wp\/v2\/comments?post=13066"}],"version-history":[{"count":1,"href":"https:\/\/comtal.org\/es\/wp-json\/wp\/v2\/posts\/13066\/revisions"}],"predecessor-version":[{"id":13501,"href":"https:\/\/comtal.org\/es\/wp-json\/wp\/v2\/posts\/13066\/revisions\/13501"}],"wp:featuredmedia":[{"embeddable":true,"href":"https:\/\/comtal.org\/es\/wp-json\/wp\/v2\/media\/13067"}],"wp:attachment":[{"href":"https:\/\/comtal.org\/es\/wp-json\/wp\/v2\/media?parent=13066"}],"wp:term":[{"taxonomy":"category","embeddable":true,"href":"https:\/\/comtal.org\/es\/wp-json\/wp\/v2\/categories?post=13066"},{"taxonomy":"post_tag","embeddable":true,"href":"https:\/\/comtal.org\/es\/wp-json\/wp\/v2\/tags?post=13066"}],"curies":[{"name":"wp","href":"https:\/\/api.w.org\/{rel}","templated":true}]}}