{"id":13064,"date":"2010-05-17T00:00:00","date_gmt":"2010-05-17T00:00:00","guid":{"rendered":"https:\/\/comtal.org\/entrevistem-al-mohamed\/"},"modified":"2016-10-31T13:39:57","modified_gmt":"2016-10-31T13:39:57","slug":"entrevistem-al-mohamed","status":"publish","type":"post","link":"https:\/\/comtal.org\/es\/entrevistem-al-mohamed\/","title":{"rendered":"Entrevistem al Mohamed"},"content":{"rendered":"<p><strong><a href=\"https:\/\/comtal.org\/wp-content\/uploads\/mohamed.jpeg\"><img loading=\"lazy\" decoding=\"async\" class=\"alignleft size-full wp-image-197\" title=\"Entrevista a Mohamed\" src=\"https:\/\/comtal.org\/wp-content\/uploads\/mohamed.jpeg\" alt=\"\" width=\"350\" height=\"263\" \/><\/a>Nom:<\/strong> Mohamed Enfedal <strong>Edat:<\/strong> 18 anys <strong>D\u2019on ets?<\/strong> De Ceuta per\u00f2 d\u2019origen marroqu\u00ed <strong>Tens germans?<\/strong> S\u00ed, dues germanes petites  Avui coneixem al Mohamed, un jove que forma part del <strong>programa Inserci\u00f3-Prospecci\u00f3<\/strong> i que lluita per trobar feina mentre somia en convertir-se en actor.  <strong>Quants anys portes aqu\u00ed?<\/strong> 2 anys  <strong>Vas venir sol?<\/strong> No, vaig venir amb la meva mare per\u00f2 ella va marxar i em vaig quedar amb uns amics. Durant un temps vaig estar vivint en un centre de menors i ara el centre m\u2019ajuda a pagar el lloguer d\u2019un pis.  <strong>Com vas con\u00e8ixer la Fundaci\u00f3?<\/strong> Pel centre de menors on estava.  <strong>Qu\u00e8 fas a la Fundaci\u00f3?<\/strong> Ara estic buscant feina.  <strong>I com t\u2019ajuden a fer-ho?<\/strong> S\u00f3n de gran ajuda, m\u2019ensenyen com passar una entrevista o com fer un bon curr\u00edculum.  <strong>Ja has fet alguna entrevista de feina?<\/strong> En vaig fer una dissabte passat.  <strong>De que t\u2019agradaria treballar en un futur?<\/strong> Els anys que porto\u00a0 aqu\u00ed he fet un curs de soldadura i per aix\u00f2 busco una feina relacionada, perqu\u00e8 \u00e9s del que tinc experi\u00e8ncia i formaci\u00f3. Tot i aix\u00f2, tamb\u00e9 m\u2019agradaria treballar com a actor o entrar a l\u2019ex\u00e8rcit.  <strong>Has fet alguna prova per a actor?<\/strong> Estic fent un curs els dissabtes i ara estem rodant una pel\u00b7l\u00edcula, encara que de moment nom\u00e9s estem fent el tr\u00e0iler.\u00a0 <strong> Perqu\u00e8 creus que \u00e9s tan dif\u00edcil trobar feina? <\/strong>Crec que per la crisis  <strong>Quina \u00e9s la dificultat m\u00e9s gran que trobes quan vas a buscar feina?<\/strong> Que s\u00f3c jove i tinc poca experi\u00e8ncia. A m\u00e9s, em falten moltes coses a fer, com treure\u2019m el carnet de conduir, per exemple  <strong>Ja per acabar, t\u2019agrada viure a Barcelona?<\/strong> S\u00ed, \u00e9s una ciutat molt tur\u00edstica per\u00f2 m\u2019agrada m\u00e9s Andalusia.  <strong>T\u2019agradaria anar a viure a Andalusia?<\/strong> Si, per\u00f2 primer m\u2019agradaria m\u00e9s viatjar per pa\u00efsos com Holanda, B\u00e8lgica o Alemanya.  <strong>Sabrina Luis i Olga P\u00e9rez, volunt\u00e0ries del departament de Comunicaci\u00f3 i del Centre Obert.<\/strong><\/p>\n","protected":false},"excerpt":{"rendered":"<p>Nom: Mohamed Enfedal Edat: 18 anys D\u2019on ets? De Ceuta per\u00f2 d\u2019origen marroqu\u00ed Tens germans? S\u00ed, dues germanes petites Avui coneixem al Mohamed, un jove que forma part del programa [&hellip;]<\/p>\n","protected":false},"author":2,"featured_media":13065,"comment_status":"closed","ping_status":"closed","sticky":false,"template":"","format":"standard","meta":{"footnotes":""},"categories":[277],"tags":[],"class_list":["post-13064","post","type-post","status-publish","format-standard","has-post-thumbnail","hentry","category-testimonials"],"_links":{"self":[{"href":"https:\/\/comtal.org\/es\/wp-json\/wp\/v2\/posts\/13064","targetHints":{"allow":["GET"]}}],"collection":[{"href":"https:\/\/comtal.org\/es\/wp-json\/wp\/v2\/posts"}],"about":[{"href":"https:\/\/comtal.org\/es\/wp-json\/wp\/v2\/types\/post"}],"author":[{"embeddable":true,"href":"https:\/\/comtal.org\/es\/wp-json\/wp\/v2\/users\/2"}],"replies":[{"embeddable":true,"href":"https:\/\/comtal.org\/es\/wp-json\/wp\/v2\/comments?post=13064"}],"version-history":[{"count":1,"href":"https:\/\/comtal.org\/es\/wp-json\/wp\/v2\/posts\/13064\/revisions"}],"predecessor-version":[{"id":13502,"href":"https:\/\/comtal.org\/es\/wp-json\/wp\/v2\/posts\/13064\/revisions\/13502"}],"wp:featuredmedia":[{"embeddable":true,"href":"https:\/\/comtal.org\/es\/wp-json\/wp\/v2\/media\/13065"}],"wp:attachment":[{"href":"https:\/\/comtal.org\/es\/wp-json\/wp\/v2\/media?parent=13064"}],"wp:term":[{"taxonomy":"category","embeddable":true,"href":"https:\/\/comtal.org\/es\/wp-json\/wp\/v2\/categories?post=13064"},{"taxonomy":"post_tag","embeddable":true,"href":"https:\/\/comtal.org\/es\/wp-json\/wp\/v2\/tags?post=13064"}],"curies":[{"name":"wp","href":"https:\/\/api.w.org\/{rel}","templated":true}]}}