{"id":13057,"date":"2010-03-31T00:00:00","date_gmt":"2010-03-31T00:00:00","guid":{"rendered":"https:\/\/comtal.org\/aixi-va-comencar-la-meva-etapa-de-voluntaria\/"},"modified":"2016-10-31T13:39:57","modified_gmt":"2016-10-31T13:39:57","slug":"aixi-va-comencar-la-meva-etapa-de-voluntaria","status":"publish","type":"post","link":"https:\/\/comtal.org\/es\/aixi-va-comencar-la-meva-etapa-de-voluntaria\/","title":{"rendered":"Aix\u00ed va comen\u00e7ar la meva etapa de volunt\u00e0ria"},"content":{"rendered":"<p><a href=\"https:\/\/comtal.org\/wp-content\/uploads\/voluntariatvadevides.jpg\"><\/a><a href=\"https:\/\/comtal.org\/wp-content\/uploads\/voluntariat.jpg\"><\/a><a href=\"https:\/\/comtal.org\/wp-content\/uploads\/voluntariatvadevides1.jpg\"><\/a><a href=\"https:\/\/comtal.org\/wp-content\/uploads\/voluntariatvadevides2.jpg\"><img loading=\"lazy\" decoding=\"async\" class=\"alignleft size-full wp-image-119\" title=\"Mostrant el cam\u00ed. El voluntariat \u00e9s cabdal en l'atenci\u00f3 socioeducativa a la Fundaci\u00f3 Comtal\" src=\"https:\/\/comtal.org\/wp-content\/uploads\/voluntariatvadevides2.jpg\" alt=\"\" width=\"350\" height=\"253\" \/><\/a>Acabava de sortir d\u2019una situaci\u00f3 personal dif\u00edcil que va fer canviar el meu punt de vista sobre moltes coses. No tenia cap inter\u00e8s a tornar a reprendre una vida estressant nom\u00e9s vinculada a la feina. Vaig pensar que tenia una cosa de la que mai havia disposat &#8230; temps. I aquest temps em cremava a les mans. Al principi, vaig perdre\u2019l buscant alguna activitat que m\u2019ompl\u00eds les hores, fins que vaig decidir que el millor que podria fer era donar-lo als altres i retornar aix\u00ed part del que jo havia tingut la sort de rebre.  No us explicar\u00e9 quantes \u201centrevistes\u201d vaig tenir per fer de volunt\u00e0ria. Semblava que no podia encaixar enlloc. O no m\u2019agradava a mi el que em proposaven o jo no els agradava a ells. Moltes vegades tenia la sensaci\u00f3 que el meu temps, que jo creia tan valu\u00f3s, no servia per a res i que ja era massa gran per fer qualsevol activitat relacionada amb les criatures. Doncs b\u00e9, tot aix\u00f2 va canviar tan bon punt vaig arribar al Tria. Al principi crec que no sabien qu\u00e8 fer amb mi. Jo vigilava els deures, per\u00f2 de vegades no m\u2019aclaria, ja que feia molt de temps que els meus fills havien acabat l\u2019escola i molt m\u00e9s que l\u2019havia acabada jo. Despr\u00e9s he anat adaptant-me i aquest curs tinc tres alumnes de rep\u00e0s.  Crec que faig una bona feina\u00a0 amb ells, per\u00f2 estic ben segura que jo rebo moltes m\u00e9s lli\u00e7ons dels nens que ells de mi. Tinc una bona relaci\u00f3 amb els alumnes i gaudeixo cada dia -inclosos els dies que estan m\u00e9s alterats- de la seva capacitat d\u2019aprendre i de la sensaci\u00f3 d\u2019influir, encara que sigui en una petita mesura, en la seva formaci\u00f3 com a persones. Miro de preparar les classes i sempre em toca improvisar, per\u00f2 nom\u00e9s aspiro a que en un futur em recordin amb una mica d\u2019afecte per haver-los ajudat a valorar els estudis i l\u2019esfor\u00e7 diari.\u00a0\u00a0  <strong>M\u00aa Dolors Vanaclocha Nofre. 57 anys. Volunt\u00e0ria Centre Obert Tria.<\/strong><\/p>\n","protected":false},"excerpt":{"rendered":"<p>Acabava de sortir d\u2019una situaci\u00f3 personal dif\u00edcil que va fer canviar el meu punt de vista sobre moltes coses. No tenia cap inter\u00e8s a tornar a reprendre una vida estressant [&hellip;]<\/p>\n","protected":false},"author":2,"featured_media":13058,"comment_status":"closed","ping_status":"closed","sticky":false,"template":"","format":"standard","meta":{"footnotes":""},"categories":[277],"tags":[],"class_list":["post-13057","post","type-post","status-publish","format-standard","has-post-thumbnail","hentry","category-testimonials"],"_links":{"self":[{"href":"https:\/\/comtal.org\/es\/wp-json\/wp\/v2\/posts\/13057","targetHints":{"allow":["GET"]}}],"collection":[{"href":"https:\/\/comtal.org\/es\/wp-json\/wp\/v2\/posts"}],"about":[{"href":"https:\/\/comtal.org\/es\/wp-json\/wp\/v2\/types\/post"}],"author":[{"embeddable":true,"href":"https:\/\/comtal.org\/es\/wp-json\/wp\/v2\/users\/2"}],"replies":[{"embeddable":true,"href":"https:\/\/comtal.org\/es\/wp-json\/wp\/v2\/comments?post=13057"}],"version-history":[{"count":1,"href":"https:\/\/comtal.org\/es\/wp-json\/wp\/v2\/posts\/13057\/revisions"}],"predecessor-version":[{"id":13507,"href":"https:\/\/comtal.org\/es\/wp-json\/wp\/v2\/posts\/13057\/revisions\/13507"}],"wp:featuredmedia":[{"embeddable":true,"href":"https:\/\/comtal.org\/es\/wp-json\/wp\/v2\/media\/13058"}],"wp:attachment":[{"href":"https:\/\/comtal.org\/es\/wp-json\/wp\/v2\/media?parent=13057"}],"wp:term":[{"taxonomy":"category","embeddable":true,"href":"https:\/\/comtal.org\/es\/wp-json\/wp\/v2\/categories?post=13057"},{"taxonomy":"post_tag","embeddable":true,"href":"https:\/\/comtal.org\/es\/wp-json\/wp\/v2\/tags?post=13057"}],"curies":[{"name":"wp","href":"https:\/\/api.w.org\/{rel}","templated":true}]}}