{"id":1161,"date":"2014-09-28T14:49:44","date_gmt":"2014-09-28T14:49:44","guid":{"rendered":"https:\/\/comtal.org\/?p=1161"},"modified":"2014-12-10T11:56:18","modified_gmt":"2014-12-10T11:56:18","slug":"la-fundacio-comtal-entitat-destacada-a-la-mostra-dassociacions","status":"publish","type":"post","link":"https:\/\/comtal.org\/es\/la-fundacio-comtal-entitat-destacada-a-la-mostra-dassociacions\/","title":{"rendered":"LA FUNDACI\u00d3 COMTAL, ENTITAT DESTACADA"},"content":{"rendered":"<p>La 19a Mostra d\u2019Associacions de Barcelona es va celebrar el dissabte 20, diumenge 21 i dimecres 24 de setembre a la pla\u00e7a de Catalunya, en el marc de les Festes de la Merc\u00e8, i la Fundaci\u00f3 Comtal va tenir un espai destacat per commemorar el seu 20\u00e8 Aniversari.<\/p>\n<p>Va ser una gran oportunitat per fer difusi\u00f3 dels nostre dia a dia, i per compartir amb els voluntaris, les fam\u00edlies, i totes les persones que van poder acompanyar-nos als tallers i activitats que ten\u00edem preparats.<\/p>\n<p>DISSABTE 20<\/p>\n<p>11 a 13h: Taller infantil \u00abUn desig, un vaixell, un viatge\u00bb.<\/p>\n<p>13 a 17h: \u00abQu\u00e8 hi ha darrere El Forat del Pany de les portes de Ciutat Vella?\u00bb Exposici\u00f3 fotogr\u00e0fica organitzadaper la comissi\u00f3 de voluntariat de la Fundaci\u00f3 Comtal.<\/p>\n<p>17 a 20h: Taller infantil \u00abPintem, transformem, creixem\u00bb.<\/p>\n<p>DIUMENGE 21<\/p>\n<p>11 a 13h: \u00abEl transformador de persones\u00bb. Photo Boot organitzat pels infants.<\/p>\n<p>13 a 17h: Projecci\u00f3 del v\u00eddeo \u00abFundaci\u00f3 Comtal, 20 anys Educant per a Transformar Vides\u00bb.<\/p>\n<p>17 a 20h: Taller infantil \u00abUn desig, un vaixell, un viatge\u00bb.<\/p>\n<p>DIMECRES 24<\/p>\n<p>11 a 13h: Taller infantil \u00abPintem, transformem, creixem\u00bb.<\/p>\n<p>13 a 16h: A trav\u00e9s de diferents siluetes, els infants i joves expliquen els seus somnis. Els vols con\u00e8ixer?<\/p>\n<p>17h a 19h: \u00abEl transformador de persones\u00bb. Photo Boot organitzat pels infants.<\/p>\n<p>No us perdeu l&#8217;<a href=\"https:\/\/www.flickr.com\/photos\/campanyatriaespai_fundaciocomtal\/sets\/72157648009685061\/\" target=\"_blank\" rel=\"noopener\">\u00e0lbum de fotos<\/a>!<\/p>\n","protected":false},"excerpt":{"rendered":"<p>La 19a Mostra d\u2019Associacions de Barcelona es va celebrar el dissabte 20, diumenge 21 i dimecres 24 de setembre a la pla\u00e7a de Catalunya, en el marc de les Festes [&hellip;]<\/p>\n","protected":false},"author":2,"featured_media":0,"comment_status":"closed","ping_status":"closed","sticky":false,"template":"","format":"standard","meta":{"footnotes":""},"categories":[1],"tags":[],"class_list":["post-1161","post","type-post","status-publish","format-standard","hentry","category-general"],"_links":{"self":[{"href":"https:\/\/comtal.org\/es\/wp-json\/wp\/v2\/posts\/1161","targetHints":{"allow":["GET"]}}],"collection":[{"href":"https:\/\/comtal.org\/es\/wp-json\/wp\/v2\/posts"}],"about":[{"href":"https:\/\/comtal.org\/es\/wp-json\/wp\/v2\/types\/post"}],"author":[{"embeddable":true,"href":"https:\/\/comtal.org\/es\/wp-json\/wp\/v2\/users\/2"}],"replies":[{"embeddable":true,"href":"https:\/\/comtal.org\/es\/wp-json\/wp\/v2\/comments?post=1161"}],"version-history":[{"count":5,"href":"https:\/\/comtal.org\/es\/wp-json\/wp\/v2\/posts\/1161\/revisions"}],"predecessor-version":[{"id":1466,"href":"https:\/\/comtal.org\/es\/wp-json\/wp\/v2\/posts\/1161\/revisions\/1466"}],"wp:attachment":[{"href":"https:\/\/comtal.org\/es\/wp-json\/wp\/v2\/media?parent=1161"}],"wp:term":[{"taxonomy":"category","embeddable":true,"href":"https:\/\/comtal.org\/es\/wp-json\/wp\/v2\/categories?post=1161"},{"taxonomy":"post_tag","embeddable":true,"href":"https:\/\/comtal.org\/es\/wp-json\/wp\/v2\/tags?post=1161"}],"curies":[{"name":"wp","href":"https:\/\/api.w.org\/{rel}","templated":true}]}}