{"id":11034,"date":"2016-09-15T10:51:46","date_gmt":"2016-09-15T10:51:46","guid":{"rendered":"https:\/\/comtal.org\/?p=11034"},"modified":"2016-09-30T10:39:26","modified_gmt":"2016-09-30T10:39:26","slug":"vols-formar-te-per-accedir-al-mon-laboral","status":"publish","type":"post","link":"https:\/\/comtal.org\/es\/vols-formar-te-per-accedir-al-mon-laboral\/","title":{"rendered":"VOLS FORMAR-TE PER ACCEDIR AL M\u00d3N LABORAL?"},"content":{"rendered":"<p>Portem setmanes preparant materials, fent reunions d&#8217;equip, atenent a fam\u00edlies, joves&#8230; perqu\u00e8 ja hem donat el toc de sortida de molts dels programes de la casa! I en breu comen\u00e7aran d&#8217;altres, dirigits sobretot a la formaci\u00f3 de persones desocupades i amb ganes de treballar. Preparats, llestos, ja!<\/p>\n<p>La Fundaci\u00f3 Comtal engega els <strong>nous cursos de formaci\u00f3 i capacitaci\u00f3 del curs 2016-2017<\/strong>.<\/p>\n<p><strong>BUGADERIA<\/strong><\/p>\n<ul>\n<li><strong>Calendari:<\/strong> 7 d\u2019octubre a 31 de desembre<\/li>\n<li><strong>Horari:<\/strong> 9 a 14h o 14 a 19h<\/li>\n<li><strong>Lloc de realitzaci\u00f3:<\/strong> Fundaci\u00f3 Comtal i Fundaci\u00f3 Roure<\/li>\n<li><strong>Temari:\u00a0<\/strong>100h de compet\u00e8ncies transversals, 100h hores de compet\u00e8ncies t\u00e8cniques i 100h de pr\u00e0ctiques en empresa<\/li>\n<li><strong>Requisits:\u00a0<\/strong>Estar\u00a0a l&#8217;atur, tenir perm\u00eds de treball, i una edat compresa entre els\u00a016 i els 65 anys<\/li>\n<li><strong>Sessi\u00f3 informativa:\u00a0<\/strong>29\/09\/16 a les 10h a St Pere Mitj\u00e0, 81<\/li>\n<li><strong>Dades de contacte:\u00a0<\/strong><a href=\"mailto:aprenitreballa@comtal.org\">aprenitreballa@comtal.org<\/a>.\u00a0637 597 103<\/li>\n<\/ul>\n<p><strong>AJUDANT DE COMER\u00c7<\/strong><\/p>\n<ul>\n<li><strong>Calendari:<\/strong> 30 de setembre a 31 de desembre<\/li>\n<li><strong>Horari:<\/strong> 9 a 14 h<\/li>\n<li><strong>Lloc de realitzaci\u00f3:<\/strong> Salle Barceloneta<\/li>\n<li><strong>Temari:\u00a0<\/strong>100h de compet\u00e8ncies transversals,\u00a0100h hores de compet\u00e8ncies t\u00e8cniques,\u00a0100h de pr\u00e0ctiques en empresa<\/li>\n<li><strong>Requisits:\u00a0<\/strong>Estar\u00a0a l&#8217;atur, tenir perm\u00eds de treball, i una edat compresa entre els\u00a016 i els 65 anys<\/li>\n<li><strong>Sessi\u00f3 informativa:\u00a0<\/strong>22\/09\/16 a les 10h a St Pere Mitj\u00e0, 81<\/li>\n<li><strong>Dades de contacte:\u00a0<\/strong><a href=\"mailto:aprenitreballa@comtal.org\">aprenitreballa@comtal.org<\/a>.\u00a0637 597 103<\/li>\n<\/ul>\n<p><strong>TASTET D\u2019OFICIS<\/strong><\/p>\n<ul>\n<li><strong>Calendari:<\/strong> 3 d\u2019octubre a 23 de desembre<\/li>\n<li><strong>Horari:<\/strong> 9 a 13 30 h<\/li>\n<li><strong>Lloc de realitzaci\u00f3:<\/strong> Sant Pere Mitj\u00e0, 81. Barcelona<\/li>\n<li><strong>Temari: <\/strong>Tres itineraris diferents:\u00a0Fusta i electricitat, electr\u00f2nica i rob\u00f2tica, comer\u00e7<\/li>\n<li><strong>Requisits: <\/strong>Tenir\u00a0una edat compresa entre els 16 i 21 anys<\/li>\n<li><strong>Sessi\u00f3 informativa:\u00a0<\/strong>23\/09\/16 a les 10h a St Pere Mitj\u00e0, 81<\/li>\n<li><strong>Dades de contacte:\u00a0<\/strong><a href=\"mailto:aprenitreballa@comtal.org\">aprenitreballa@comtal.org<\/a>.\u00a0637 597 103<\/li>\n<\/ul>\n<p><strong>PFI HOSTALERIA<\/strong><\/p>\n<ul>\n<li><strong>Calendari:<\/strong> 23 de setembre 2016 a 30 de juny 2017<\/li>\n<li><strong>Horari: <\/strong>15h a 20 30h<\/li>\n<li><strong>Lloc de realitzaci\u00f3:<\/strong> C\/ Lled\u00f3, 11. Barcelona<\/li>\n<li><strong>Requisits:<\/strong>\u00a0Tenir\u00a0una edat compresa entre 16 i 21 anys, sense t\u00edtol en ESO<\/li>\n<li><strong>Dades de contacte:\u00a0<\/strong><a href=\"mailto:aprenitreballa@comtal.org\">pqpi@comtal.org<\/a>.\u00a0687 668 663<\/li>\n<li><strong>Programa:\u00a0<\/strong>Descarrega&#8217;t el tr\u00edptic fent clic aqu\u00ed\u00a0<a style=\"color: #ff9900;\" href=\"https:\/\/comtal.org\/wp-content\/uploads\/Triptic-PFI.pdf\">Tr\u00edptic-pfi<\/a><\/li>\n<\/ul>\n<p>Vine a la Fundaci\u00f3 Comtal o truca&#8217;ns per tenir m\u00e9s informaci\u00f3 de tot el que fem per la incorporaci\u00f3 a la vida activa i la preparaci\u00f3 per trobar feina.<\/p>\n<p><span class=\"responsive\"><a href=\"https:\/\/comtal.org\/wp-content\/uploads\/2ee9c947-266a-4a1c-8241-7cc1bbea460a.jpg\"><img loading=\"lazy\" decoding=\"async\" class=\"alignnone size-full wp-image-11038\" src=\"https:\/\/comtal.org\/wp-content\/uploads\/2ee9c947-266a-4a1c-8241-7cc1bbea460a.jpg\" alt=\"2ee9c947-266a-4a1c-8241-7cc1bbea460a\" width=\"1517\" height=\"284\" \/><\/a><\/span><\/p>\n","protected":false},"excerpt":{"rendered":"<p>Portem setmanes preparant materials, fent reunions d&#8217;equip, atenent a fam\u00edlies, joves&#8230; perqu\u00e8 ja hem donat el toc de sortida de molts dels programes de la casa! I en breu comen\u00e7aran [&hellip;]<\/p>\n","protected":false},"author":2,"featured_media":11039,"comment_status":"closed","ping_status":"closed","sticky":false,"template":"","format":"standard","meta":{"footnotes":""},"categories":[10,3,1,40],"tags":[8,18,7],"class_list":["post-11034","post","type-post","status-publish","format-standard","has-post-thumbnail","hentry","category-educacio","category-fundaciocomtal","category-general","category-treball","tag-futur","tag-joves","tag-oportunitats"],"_links":{"self":[{"href":"https:\/\/comtal.org\/es\/wp-json\/wp\/v2\/posts\/11034","targetHints":{"allow":["GET"]}}],"collection":[{"href":"https:\/\/comtal.org\/es\/wp-json\/wp\/v2\/posts"}],"about":[{"href":"https:\/\/comtal.org\/es\/wp-json\/wp\/v2\/types\/post"}],"author":[{"embeddable":true,"href":"https:\/\/comtal.org\/es\/wp-json\/wp\/v2\/users\/2"}],"replies":[{"embeddable":true,"href":"https:\/\/comtal.org\/es\/wp-json\/wp\/v2\/comments?post=11034"}],"version-history":[{"count":5,"href":"https:\/\/comtal.org\/es\/wp-json\/wp\/v2\/posts\/11034\/revisions"}],"predecessor-version":[{"id":11403,"href":"https:\/\/comtal.org\/es\/wp-json\/wp\/v2\/posts\/11034\/revisions\/11403"}],"wp:featuredmedia":[{"embeddable":true,"href":"https:\/\/comtal.org\/es\/wp-json\/wp\/v2\/media\/11039"}],"wp:attachment":[{"href":"https:\/\/comtal.org\/es\/wp-json\/wp\/v2\/media?parent=11034"}],"wp:term":[{"taxonomy":"category","embeddable":true,"href":"https:\/\/comtal.org\/es\/wp-json\/wp\/v2\/categories?post=11034"},{"taxonomy":"post_tag","embeddable":true,"href":"https:\/\/comtal.org\/es\/wp-json\/wp\/v2\/tags?post=11034"}],"curies":[{"name":"wp","href":"https:\/\/api.w.org\/{rel}","templated":true}]}}