{"id":10943,"date":"2016-07-06T16:37:04","date_gmt":"2016-07-06T16:37:04","guid":{"rendered":"https:\/\/comtal.org\/?p=10943"},"modified":"2016-07-06T16:37:04","modified_gmt":"2016-07-06T16:37:04","slug":"got-talent-el-casal-de-verano-del-tria","status":"publish","type":"post","link":"https:\/\/comtal.org\/es\/got-talent-el-casal-de-verano-del-tria\/","title":{"rendered":"GOT TALENT, EL CASAL DE VERANO DEL TRIA"},"content":{"rendered":"<p>Como cada verano, la Fundaci\u00f3n Comtal <strong>abre por vacaciones y acompa\u00f1a a los ni\u00f1os y j\u00f3venes vulnerables durante los meses de junio, julio y agosto<\/strong>. As\u00ed, m\u00e1s de 100 ni\u00f1os, ni\u00f1as y adolescentes de entre 3 y 17 a\u00f1os participan en el casal, las colonias y los campamentos, y disfrutan de unas <strong>vacaciones positivas<\/strong> y transformadoras.<\/p>\n<p><strong><em>Abrimos por vacaciones<\/em><\/strong>, es un proyecto que da continuidad a las actividades que el Centro Abierto Tria hace durante todo el curso para <strong>ayudar a crecer a los ni\u00f1os y j\u00f3venes que necesitan apoyo cuando terminan la escuela<\/strong>. Comenz\u00f3 el pasado <strong>27 de junio y finalizar\u00e1 el 12 de agosto<\/strong>.<\/p>\n<p>A trav\u00e9s del <strong><em>Got Talent<\/em> y con la intenci\u00f3n de transformar situaciones de dificultad en oportunidades<\/strong>, un equipo <strong>de 11 educadores y m\u00e1s de 20 voluntarios y colaboradores<\/strong> desarrollan las diferentes actividades de ocio y educativas programadas. La idea es que cada uno de los participantes pueda descubrir cu\u00e1l es su talento a trav\u00e9s de la danza, los talleres de m\u00fasica y deporte, el dibujo y la escritura, las salidas a la playa, a la piscina o a trav\u00e9s de las excursiones a la naturaleza.<\/p>\n<p>Los ni\u00f1os viven las diferentes actividades del centro como si estuvieran en un concurso. A partir de unas instrucciones, mucho esfuerzo y de unas pruebas a alcanzar, <strong>trabajan sus aspectos fuertes y consiguen puntos que los hacen llegar a la gran final, que se celebrar\u00e1 el \u00faltimo d\u00eda del casal<\/strong>.<\/p>\n<p>Pero no s\u00f3lo se trabaja con los participantes la vertiente de ocio y los juegos, tambi\u00e9n se asegura que los ni\u00f1os y ni\u00f1as reciben una alimentaci\u00f3n sana y equilibrada durante las vacaciones. <strong>El desayuno, el almuerzo y la merienda est\u00e1n incluidos en todas las actividades<\/strong>. Un grupo de 10 voluntarios, se encarga este a\u00f1o de apoyar al equipo educativo y de preparar y dinamizar el espacio del comedor.<\/p>\n<p><strong>Casales:\u00a0<\/strong>El primer casal comenz\u00f3 el 27 de junio, finalizar\u00e1 el 15 de julio y cuenta con la participaci\u00f3n de un total de 100 ni\u00f1os y j\u00f3venes. El segundo se har\u00e1 del 1 al 12 de agosto con 60 plazas cubiertas.<\/p>\n<p><strong>Colonias y campamentos:\u00a0<\/strong>Durante 5 d\u00edas los ni\u00f1os y j\u00f3venes convivir\u00e1n en una casa de colonias de Planoles, ubicada en un \u00abespacio natural protegido\u00bb y que dispone de campo de f\u00fatbol y voleibol, piscina y solarium, sal\u00f3n polivalente, roc\u00f3dromo, tirolina e itinerarios de naturaleza. Un lugar en el que disfrutar\u00e1n de una experiencia de autonom\u00eda personal a la vez que aprender\u00e1n a compartir de manera grupal. Las colonias se har\u00e1n del 22 al 26 de julio para un total de 50 ni\u00f1os de 6 a 12 a\u00f1os, mientras que los campamentos ir\u00e1n m\u00e1s de 25 adolescentes de entre 13 y 16 a\u00f1os.<\/p>\n","protected":false},"excerpt":{"rendered":"<p>Como cada verano, la Fundaci\u00f3n Comtal abre por vacaciones y acompa\u00f1a a los ni\u00f1os y j\u00f3venes vulnerables durante los meses de junio, julio y agosto. As\u00ed, m\u00e1s de 100 ni\u00f1os, [&hellip;]<\/p>\n","protected":false},"author":2,"featured_media":10940,"comment_status":"closed","ping_status":"closed","sticky":false,"template":"","format":"standard","meta":{"footnotes":""},"categories":[22,23,24,25,19,26,28,29,30],"tags":[],"class_list":["post-10943","post","type-post","status-publish","format-standard","has-post-thumbnail","hentry","category-colaboradores","category-comunidad","category-educacion","category-fundacioncomtal","category-general-es","category-integracion","category-solidaridad","category-talleres","category-voluntariado"],"_links":{"self":[{"href":"https:\/\/comtal.org\/es\/wp-json\/wp\/v2\/posts\/10943","targetHints":{"allow":["GET"]}}],"collection":[{"href":"https:\/\/comtal.org\/es\/wp-json\/wp\/v2\/posts"}],"about":[{"href":"https:\/\/comtal.org\/es\/wp-json\/wp\/v2\/types\/post"}],"author":[{"embeddable":true,"href":"https:\/\/comtal.org\/es\/wp-json\/wp\/v2\/users\/2"}],"replies":[{"embeddable":true,"href":"https:\/\/comtal.org\/es\/wp-json\/wp\/v2\/comments?post=10943"}],"version-history":[{"count":1,"href":"https:\/\/comtal.org\/es\/wp-json\/wp\/v2\/posts\/10943\/revisions"}],"predecessor-version":[{"id":10944,"href":"https:\/\/comtal.org\/es\/wp-json\/wp\/v2\/posts\/10943\/revisions\/10944"}],"wp:featuredmedia":[{"embeddable":true,"href":"https:\/\/comtal.org\/es\/wp-json\/wp\/v2\/media\/10940"}],"wp:attachment":[{"href":"https:\/\/comtal.org\/es\/wp-json\/wp\/v2\/media?parent=10943"}],"wp:term":[{"taxonomy":"category","embeddable":true,"href":"https:\/\/comtal.org\/es\/wp-json\/wp\/v2\/categories?post=10943"},{"taxonomy":"post_tag","embeddable":true,"href":"https:\/\/comtal.org\/es\/wp-json\/wp\/v2\/tags?post=10943"}],"curies":[{"name":"wp","href":"https:\/\/api.w.org\/{rel}","templated":true}]}}