{"id":10885,"date":"2016-06-29T11:43:56","date_gmt":"2016-06-29T11:43:56","guid":{"rendered":"https:\/\/comtal.org\/?p=10885"},"modified":"2016-06-29T15:43:37","modified_gmt":"2016-06-29T15:43:37","slug":"10885","status":"publish","type":"post","link":"https:\/\/comtal.org\/es\/10885\/","title":{"rendered":"INTERVENIMOS CON MIRADA TRANSVERSAL"},"content":{"rendered":"<p>Ya hace dos cursos que llevamos a cabo un programa que promuve la inserci\u00f3n social y laboral de personas que sufren graves dificultades econ\u00f3micas, y que cobran una renta m\u00ednima que les ayuda a cubrir sus necesidades b\u00e1sicas.<\/p>\n<p>Cuando los y las beneficiaros\/arias de este programa vienen a la Fundaci\u00f3n, no solo les damos recursos y herramientas formativas que les acercan al mercado de trabajo, tambi\u00e9n les acompa\u00f1amos a trav\u00e9s de un proceso que quiere hacer posible que puedan trabajar y mejorar su situaci\u00f3n personal. Porque, para salir del c\u00edrculo de exclusi\u00f3n en el que viven, necesitan que el apoyo y la atenci\u00f3n sea transversal e incida en toda la esfera familiar, social y laboral.<\/p>\n<p>Este curso, despu\u00e9s de trabajar intensamente con los participantes y de hacer un diagn\u00f3stico de necesitats, detectamos que el colectivo de mujeres estaban viviendo situaciones de colapso emocional. La baja autoestima, ligada a la gesti\u00f3n inadecuada de las emociones y a problemas de pareja y familiares graves, estaban dificultando la evoluci\u00f3n favorable de su proceso de inserci\u00f3n. Para ayudarlas, y aprovechando los recursos en red disponibles, visitamos uno de los diez\u00a0<a href=\"http:\/\/w110.bcn.cat\/portal\/site\/Dones\/\" target=\"_blank\" rel=\"noopener\">Puntos de Informaci\u00f3n y Atenci\u00f3n a las Mujeres<\/a>\u00a0que hay dentro de la ciudad de Barcelona. Concretamente, el que est\u00e1 ubicado en el distritoe de Ciutat Vella.\u00a0All\u00ed nos esperaba Laia, la responsable del Punto. Nos asesor\u00f3 sobre todos los servicios y programas disponibles par resolver: problem\u00e1ticas vinculadas a la vivienda, temas legales y de atenci\u00f3n socio-jur\u00eddica, problemas psicol\u00f3gicos, \u00a0de regularizaci\u00f3n, procesos de separaci\u00f3n y divorcio, violencia masculina en el \u00e1mbito de la pareja, &#8230;<\/p>\n<p>Fruto del diagn\u00f3stico inicial, detectamos tambi\u00e9n que era importante reforzar y mejorar las competencias ling\u00fc\u00edsticas de los participantes, concretamente del catalan. Por eso organizamos una visita al <em><a href=\"http:\/\/www.cpnl.cat\/\" target=\"_blank\" rel=\"noopener\">Consorci de Normalitzaci\u00f3 Ling\u00fc\u00edstica<\/a><\/em> del distrito de Ciutat Vella. Nos recibi\u00f3\u00a0la coordinadora, Emma Nav\u00f3, i una profesora, Esther, para hacernos un recorrido guiado por las instalaciones del centro. Y para informarnos de los cursos, nivells, y beneficios como receptores de la renda m\u00ednima y beneficiarios de los programas de la Fundaci\u00f3.n Una mujer se apunt\u00f3 para hacer la prueba de nivel y el curso durante el verano; mientras que el resto se motivaron mucho para empezar despu\u00e9s del verano.<\/p>\n<p>Damos herramientas ling\u00fc\u00edsticas y recursos emocionales para garantizar la inserci\u00f3n social y laboral de los colectivos con m\u00e1s dificultades.<\/p>\n<div class=\"one_half\"><span class=\"responsive\"><a href=\"https:\/\/comtal.org\/wp-content\/uploads\/20160614_121314.jpg\"><img loading=\"lazy\" decoding=\"async\" class=\"alignnone size-full wp-image-10888\" src=\"https:\/\/comtal.org\/wp-content\/uploads\/20160614_121314-e1467212803495.jpg\" alt=\"20160614_121314\" width=\"800\" height=\"480\" \/><\/a><\/span><\/div>\n<div class=\"one_half last\"><span class=\"responsive\"><a href=\"https:\/\/comtal.org\/wp-content\/uploads\/20160614_123149-e1467212982519.jpg\"><img loading=\"lazy\" decoding=\"async\" class=\"alignnone size-full wp-image-10889\" src=\"https:\/\/comtal.org\/wp-content\/uploads\/20160614_123149-e1467212982519.jpg\" alt=\"20160614_123149\" width=\"800\" height=\"480\" \/><\/a><\/span><\/div>\n<div class=\"clear\"><\/div>\n","protected":false},"excerpt":{"rendered":"<p>Ya hace dos cursos que llevamos a cabo un programa que promuve la inserci\u00f3n social y laboral de personas que sufren graves dificultades econ\u00f3micas, y que cobran una renta m\u00ednima [&hellip;]<\/p>\n","protected":false},"author":2,"featured_media":10891,"comment_status":"closed","ping_status":"closed","sticky":false,"template":"","format":"standard","meta":{"footnotes":""},"categories":[22,24,25,19,26,29],"tags":[],"class_list":["post-10885","post","type-post","status-publish","format-standard","has-post-thumbnail","hentry","category-colaboradores","category-educacion","category-fundacioncomtal","category-general-es","category-integracion","category-talleres"],"_links":{"self":[{"href":"https:\/\/comtal.org\/es\/wp-json\/wp\/v2\/posts\/10885","targetHints":{"allow":["GET"]}}],"collection":[{"href":"https:\/\/comtal.org\/es\/wp-json\/wp\/v2\/posts"}],"about":[{"href":"https:\/\/comtal.org\/es\/wp-json\/wp\/v2\/types\/post"}],"author":[{"embeddable":true,"href":"https:\/\/comtal.org\/es\/wp-json\/wp\/v2\/users\/2"}],"replies":[{"embeddable":true,"href":"https:\/\/comtal.org\/es\/wp-json\/wp\/v2\/comments?post=10885"}],"version-history":[{"count":4,"href":"https:\/\/comtal.org\/es\/wp-json\/wp\/v2\/posts\/10885\/revisions"}],"predecessor-version":[{"id":10898,"href":"https:\/\/comtal.org\/es\/wp-json\/wp\/v2\/posts\/10885\/revisions\/10898"}],"wp:featuredmedia":[{"embeddable":true,"href":"https:\/\/comtal.org\/es\/wp-json\/wp\/v2\/media\/10891"}],"wp:attachment":[{"href":"https:\/\/comtal.org\/es\/wp-json\/wp\/v2\/media?parent=10885"}],"wp:term":[{"taxonomy":"category","embeddable":true,"href":"https:\/\/comtal.org\/es\/wp-json\/wp\/v2\/categories?post=10885"},{"taxonomy":"post_tag","embeddable":true,"href":"https:\/\/comtal.org\/es\/wp-json\/wp\/v2\/tags?post=10885"}],"curies":[{"name":"wp","href":"https:\/\/api.w.org\/{rel}","templated":true}]}}