{"id":10768,"date":"2016-06-10T09:39:47","date_gmt":"2016-06-10T09:39:47","guid":{"rendered":"https:\/\/comtal.org\/?p=10768"},"modified":"2016-06-15T08:55:44","modified_gmt":"2016-06-15T08:55:44","slug":"este-verano-hago-voluntariado","status":"publish","type":"post","link":"https:\/\/comtal.org\/es\/este-verano-hago-voluntariado\/","title":{"rendered":"ESTE VERANO, \u00a1HAGO VOLUNTARIADO!"},"content":{"rendered":"<p><strong>Hacemos tres actividades diferentes durante el verano:<\/strong><\/p>\n<ul>\n<li>Casal de verano. 1<sup>er <\/sup>casal: del 27 de junio al 15 de julio; y 2\u00ba casal: del 1 al 12 de agosto.<\/li>\n<\/ul>\n<ul>\n<li>Colonias: del 18 al 22 de julio.<\/li>\n<\/ul>\n<ul>\n<li>Campamentos: del 18 al 22 de julio.<\/li>\n<\/ul>\n<p><strong>Requisitos:<\/strong><\/p>\n<p>Buscamos voluntarios y voluntarias mayores de 16 a\u00f1os, con ganas de formar parte de un proyecto educativo donde sentirse responsables, y que quieran adquirir el compromiso con la atenci\u00f3n a la infancia m\u00e1s vulnerable del barrio. Voluntarios y voluntarias con ganas de trabajar en equipo y con energ\u00eda. No es necesario el carnet de monitor\/a de tiempo libre.<\/p>\n<p><strong>Formas de colaboraci\u00f3n:<\/strong><\/p>\n<p>Puedes elegir entre uno de los dos momentos de colaboraci\u00f3n:<\/p>\n<p>el primer casal (del 27 junio al 15 julio) o el segundo casal (del 1 al 12 de agosto).<\/p>\n<p><strong>\u00bfQu\u00e9 voluntariado puedo hacer?<\/strong><\/p>\n<p>1. Dando apoyo a los\/as educadores\/as: horario de 9.30 a 18 horas, de lunes a viernes. Previamente se har\u00e1 una formaci\u00f3n espec\u00edfica.<\/p>\n<p>2. Dando apoyo en el comedor: horario de 12 a 16 horas, de lunes a viernes. Previamente se har\u00e1 una formaci\u00f3n espec\u00edfica.<\/p>\n<p><strong>Tareas:<\/strong><\/p>\n<p>El equipo de voluntariado y monitores\/as desarrollan las actividades diarias del Casal de Verano durante las semanas del Casal. Cada voluntario\/a forma parte de un equipo en una franja de edad determinada, con una pareja de educadores\/as referentes, personas en pr\u00e1cticas y otros\/as voluntarios\/as. Cada tarde se eval\u00faa la atenci\u00f3n educativa realizada durante el d\u00eda con los diversos equipos y se resuelven todas aquellas cosas necesarias para el buen funcionamiento general del Casal.<\/p>\n<p>Para el comedor, las tareas son servir la comida, preparar, ayudar durante la comida a los ni\u00f1os\/as y recoger el comedor.<\/p>\n<p><strong>Qu\u00e9 ofrecemos:<\/strong><\/p>\n<p>Como voluntarios\/as est\u00e1 previsto que se participe en una jornada formativa sobre \u201ccontexto de barrio y perfil de ni\u00f1os\/as, adolescentes y j\u00f3venes\u201d, as\u00ed como una formaci\u00f3n sobre la metodolog\u00eda del Casal de verano. Se contemplan espacios de conocimiento con todo el equipo previos a la acci\u00f3n voluntaria. Se ofrece contrato de voluntariado y cerrar la experiencia con una evaluaci\u00f3n. Cada d\u00eda se puede comer en el Casal de verano.<\/p>\n<p><strong>Contacto:<\/strong><\/p>\n<p>Mireia Ferr\u00e9 en: voluntariat@comtal.org o al 932954636.<\/p>\n<p>&nbsp;<\/p>\n<p>&nbsp;<\/p>\n","protected":false},"excerpt":{"rendered":"<p>Hacemos tres actividades diferentes durante el verano: Casal de verano. 1er casal: del 27 de junio al 15 de julio; y 2\u00ba casal: del 1 al 12 de agosto. Colonias: [&hellip;]<\/p>\n","protected":false},"author":2,"featured_media":10769,"comment_status":"closed","ping_status":"closed","sticky":false,"template":"","format":"standard","meta":{"footnotes":""},"categories":[22,23,24,25,19,28,30],"tags":[35,33,34,32],"class_list":["post-10768","post","type-post","status-publish","format-standard","has-post-thumbnail","hentry","category-colaboradores","category-comunidad","category-educacion","category-fundacioncomtal","category-general-es","category-solidaridad","category-voluntariado","tag-futur-es","tag-igualtat-es","tag-oportunitats-es","tag-participacio-es"],"_links":{"self":[{"href":"https:\/\/comtal.org\/es\/wp-json\/wp\/v2\/posts\/10768","targetHints":{"allow":["GET"]}}],"collection":[{"href":"https:\/\/comtal.org\/es\/wp-json\/wp\/v2\/posts"}],"about":[{"href":"https:\/\/comtal.org\/es\/wp-json\/wp\/v2\/types\/post"}],"author":[{"embeddable":true,"href":"https:\/\/comtal.org\/es\/wp-json\/wp\/v2\/users\/2"}],"replies":[{"embeddable":true,"href":"https:\/\/comtal.org\/es\/wp-json\/wp\/v2\/comments?post=10768"}],"version-history":[{"count":5,"href":"https:\/\/comtal.org\/es\/wp-json\/wp\/v2\/posts\/10768\/revisions"}],"predecessor-version":[{"id":10828,"href":"https:\/\/comtal.org\/es\/wp-json\/wp\/v2\/posts\/10768\/revisions\/10828"}],"wp:featuredmedia":[{"embeddable":true,"href":"https:\/\/comtal.org\/es\/wp-json\/wp\/v2\/media\/10769"}],"wp:attachment":[{"href":"https:\/\/comtal.org\/es\/wp-json\/wp\/v2\/media?parent=10768"}],"wp:term":[{"taxonomy":"category","embeddable":true,"href":"https:\/\/comtal.org\/es\/wp-json\/wp\/v2\/categories?post=10768"},{"taxonomy":"post_tag","embeddable":true,"href":"https:\/\/comtal.org\/es\/wp-json\/wp\/v2\/tags?post=10768"}],"curies":[{"name":"wp","href":"https:\/\/api.w.org\/{rel}","templated":true}]}}