{"id":10762,"date":"2016-06-10T09:25:24","date_gmt":"2016-06-10T09:25:24","guid":{"rendered":"https:\/\/comtal.org\/?p=10762"},"modified":"2016-06-13T09:44:07","modified_gmt":"2016-06-13T09:44:07","slug":"el-consejo-social-y-el-gritim-upf-por-la-insercion","status":"publish","type":"post","link":"https:\/\/comtal.org\/es\/el-consejo-social-y-el-gritim-upf-por-la-insercion\/","title":{"rendered":"EL CONSEJO SOCIAL Y EL GRITIM-UPF"},"content":{"rendered":"<p>El Proyecto <em>\u201cNo vull quedar-me enrere. Acompanyament i suport en la inserci\u00f3\u201d<\/em> fue seleccionado a principios de a\u00f1o por la Convocatoria de ayudas econ\u00f3micas a actividades solidarias del a\u00f1o 2016 de la Universitat Pompeu Fabra, y con el respaldo del GRITIM, <em>Grup de Recerca Interdisciplinari sobre Inmigraci\u00f3<\/em>. La Comisi\u00f3n Evaluadora resolvi\u00f3 otorgar 4.200\u20ac que se destinar\u00e1n a cubrir el 50% de los gastos correspondientes a atender de forma directa a los\/las j\u00f3venes beneficiarios\/as del proyecto.<\/p>\n<p>Son los\/as j\u00f3venes de origen extranjero que llegan a nuestro pa\u00eds sin tener la mayor\u00eda de edad y que, una vez acogidos\/as y tutelados\/as por la <em>Direcci\u00f3 General d\u2019Atenci\u00f3 a la Inf\u00e0ncia i Adolesc\u00e8ncia<\/em>, consiguen el permiso de residencia. El problema est\u00e1 en que, al alcanzar la mayor\u00eda de edad y emanciparse, se encuentran con un permiso de residencia que no les permite trabajar. Son j\u00f3venes desamparados que, sin apoyo familiar, econ\u00f3mico ni institucional, buscan una oportunidad para rehacer su vida y evitar la exclusi\u00f3n social.<\/p>\n<p>\u00bfQu\u00e9 hemos hecho para ayudar a los\/as j\u00f3venes desde que empez\u00f3 el proyecto el mes de enero?<\/p>\n<ul>\n<li>Les ofrecemos asistencia legal gratuita para reconocer sus derechos y deberes a trav\u00e9s de la informaci\u00f3n y el asesoramiento. Hemos atendido a 144 personas mediante citas previas e individualizadas.<\/li>\n<li>Les damos recursos formativos e informaci\u00f3n sobre la situaci\u00f3n del mercado de trabajo. Hemos hecho 3 sesiones formativas, con una media de asistencia de 30 j\u00f3venes.<\/li>\n<li>Les ofrecemos metodolog\u00edas para que se activen laboralmente a trav\u00e9s de los talleres de mejora competencial. Han hecho 2 talleres con una mediana de asistencia de 20 j\u00f3venes.<\/li>\n<li>Les damos pautas y recursos para mejorar el conocimiento que los j\u00f3venes tienen del entorno y de la sociedad catalana, reforzando el sentido de pertenencia y el nivel de participaci\u00f3n social. Hemos informado, orientado y asesorado a 252 j\u00f3venes a trav\u00e9s de los espacios de atenci\u00f3n personalizada, y hemos realizado una sesi\u00f3n sobre conocimiento del entorno, dando indicaciones que les ayudan a moverse por la ciudad, visitar recursos y\/o equipamientos. Durante los meses de mayo-julio se har\u00e1n dos sesiones m\u00e1s.<\/li>\n<li>Hemos proporcionado asesoramiento y orientaci\u00f3n legal a 20 empresas para facilitar la contrataci\u00f3n laboral de los\/as j\u00f3venes reci\u00e9n llegados\/as.<\/li>\n<\/ul>\n<p>&nbsp;<\/p>\n<p>Este proyecto se lleva a cabo desde hace m\u00e1s de 15 a\u00f1os y es de continuidad. Porque estamos convencidos de que, con la suma de esfuerzos, seremos capaces de transformar problemas de inmigraci\u00f3n en soluciones que aporten valor. Y conseguiremos que muchos\/as j\u00f3venes como el Benjam\u00edn, el Ismael, la Soukaina o el Modou tengan, m\u00e1s all\u00e1 de su procedencia o situaci\u00f3n, una oportunidad.<\/p>\n<p>Esta acci\u00f3n del GRITIM-UPF forma parte del tercer Pilar del Grupo, que busca promocionar la transferencia del conocimiento y fomentar la dimensi\u00f3n social de sus actividades. En el marco de la primera reuni\u00f3n entre la Fundaci\u00f3 Comtal y los miembros del GRITIM-UPF, se debati\u00f3 entre identificar los l\u00edmites que encuentra la Fundaci\u00f3 para implementar el proyecto, y se acord\u00f3 la preparaci\u00f3n de una mesa redonda al final del mismo para abordar el tema de la responsabilidad social de las empresas para acoger j\u00f3venes inmigrantes que tienen dificultades jur\u00eddicas y sociolaborales.<\/p>\n","protected":false},"excerpt":{"rendered":"<p>El Proyecto \u201cNo vull quedar-me enrere. Acompanyament i suport en la inserci\u00f3\u201d fue seleccionado a principios de a\u00f1o por la Convocatoria de ayudas econ\u00f3micas a actividades solidarias del a\u00f1o 2016 [&hellip;]<\/p>\n","protected":false},"author":2,"featured_media":10763,"comment_status":"closed","ping_status":"closed","sticky":false,"template":"","format":"standard","meta":{"footnotes":""},"categories":[22,24,25,26,28],"tags":[35,33,36,34],"class_list":["post-10762","post","type-post","status-publish","format-standard","has-post-thumbnail","hentry","category-colaboradores","category-educacion","category-fundacioncomtal","category-integracion","category-solidaridad","tag-futur-es","tag-igualtat-es","tag-joves-es","tag-oportunitats-es"],"_links":{"self":[{"href":"https:\/\/comtal.org\/es\/wp-json\/wp\/v2\/posts\/10762","targetHints":{"allow":["GET"]}}],"collection":[{"href":"https:\/\/comtal.org\/es\/wp-json\/wp\/v2\/posts"}],"about":[{"href":"https:\/\/comtal.org\/es\/wp-json\/wp\/v2\/types\/post"}],"author":[{"embeddable":true,"href":"https:\/\/comtal.org\/es\/wp-json\/wp\/v2\/users\/2"}],"replies":[{"embeddable":true,"href":"https:\/\/comtal.org\/es\/wp-json\/wp\/v2\/comments?post=10762"}],"version-history":[{"count":2,"href":"https:\/\/comtal.org\/es\/wp-json\/wp\/v2\/posts\/10762\/revisions"}],"predecessor-version":[{"id":10797,"href":"https:\/\/comtal.org\/es\/wp-json\/wp\/v2\/posts\/10762\/revisions\/10797"}],"wp:featuredmedia":[{"embeddable":true,"href":"https:\/\/comtal.org\/es\/wp-json\/wp\/v2\/media\/10763"}],"wp:attachment":[{"href":"https:\/\/comtal.org\/es\/wp-json\/wp\/v2\/media?parent=10762"}],"wp:term":[{"taxonomy":"category","embeddable":true,"href":"https:\/\/comtal.org\/es\/wp-json\/wp\/v2\/categories?post=10762"},{"taxonomy":"post_tag","embeddable":true,"href":"https:\/\/comtal.org\/es\/wp-json\/wp\/v2\/tags?post=10762"}],"curies":[{"name":"wp","href":"https:\/\/api.w.org\/{rel}","templated":true}]}}