{"id":10742,"date":"2016-06-10T08:51:25","date_gmt":"2016-06-10T08:51:25","guid":{"rendered":"https:\/\/comtal.org\/?p=10742"},"modified":"2016-06-10T08:52:38","modified_gmt":"2016-06-10T08:52:38","slug":"el-trabajo-con-las-famlias-palanca-de-cambio","status":"publish","type":"post","link":"https:\/\/comtal.org\/es\/el-trabajo-con-las-famlias-palanca-de-cambio\/","title":{"rendered":"EL TRABAJO CON LAS FAMLIAS, PALANCA DE CAMBIO"},"content":{"rendered":"<p>Queremos continuar ofreciendo un espacio de participaci\u00f3n, acci\u00f3n y empoderamiento a las familias que vienen al Tria, pero tambi\u00e9n a otras familias en situaci\u00f3n de vulnerabilidad social y que viven en Ciutat Vella. Y lo queremos hacer desde el punto de vista integral, desplegando actividades de atenci\u00f3n individual y grupal que sirvan para capacitarlas y mejorar las diversas situaciones con las que se encuentran. Dot\u00e1ndolas de recursos y trabajando con y para la comunidad.<\/p>\n<p>Porque creemos que a trav\u00e9s de la participaci\u00f3n, las familias se convierten en agentes activos y de cambio hacia su vida, pero tambi\u00e9n con el entorno.<\/p>\n<p><strong>\u00bfCu\u00e1l es el trabajo que estamos haciendo con las familias?<\/strong><\/p>\n<ul>\n<li>Punto de Informaci\u00f3n Familiar Tria: Permite informar, orientar o derivar a las familias hacia los recursos adecuados y hacer un diagn\u00f3stico constante mediante la detecci\u00f3n de necesidades. Se ofrece de forma semanal a las madres y padres de los proyectos de la Fundaci\u00f3n Comtal, y tambi\u00e9n otros que pueden venir de otros agentes y recursos de la red.<\/li>\n<li>Talleres familiares de cocina, costura y manualidades teniendo en cuenta las motivaciones y respondiendo a la demanda de las propias familias. Es a partir de estos espacios que se trabajan las competencias y capacidades, y que se fomentan valores positivos de la cohesi\u00f3n social. Tambi\u00e9n son espacios de proximidad y confianza donde las madres y padres pueden expresar sus inquietudes.<\/li>\n<\/ul>\n<p>El taller de cocina ocupa dos horas semanales. A partir de las recetas aportadas por las madres, se trabaja el catal\u00e1n y las historias de vida asociadas; se trata de reforzar el intercambio de las vivencias de cada uno\/a y la autoestima en sus procesos vitales.<\/p>\n<ul>\n<li>Taller de inform\u00e1tica y TIC para introducir conocimientos a nivel de usuario: La actividad se asocia al taller de cocina, creando contenidos en las redes sociales para la difusi\u00f3n de las recetas de las familias.<\/li>\n<li>Aprendizaje y Servicio: se potencia la participaci\u00f3n de un grupo motor de madres y padres en las actividades comunitarias de \u201cJuguemos en la Calle\u201d que se celebra una vez al mes en el espacio p\u00fablico.<\/li>\n<li>Apoyo psicol\u00f3gico: terapia individual o familiar cuando se detecta la necesidad.<\/li>\n<\/ul>\n<p>Todas estas actividades las desarrollamos de forma coordinada con otros servicios de la Fundaci\u00f3: servicio sociojur\u00eddico, orientaci\u00f3n laboral, cursos de inserci\u00f3n sociolaboral, incorpora, formaci\u00f3n para j\u00f3venes, etc. Y con otros servicios y recursos de la red.<\/p>\n<p>El bienestar global de la familia es clave para garantizar el bienestar de los ni\u00f1os\/as y j\u00f3venes que atendemos. Si la familia padece dificultades, la situaci\u00f3n de sus hijos e hijas se ve comprometida. El aumento de los factores de riesgo en los \u00faltimos a\u00f1os y la complejidad de los casos, hace que nos demos cuenta de la importancia de ofrecer un servicio a familias (m\u00e1s all\u00e1 del trabajo con los ni\u00f1os\/as del <em>Centre Obert<\/em>) para abordar esta complejidad y multifactorialidad:<\/p>\n<ul>\n<li>Falta de red de apoyo y tejido social de respaldo. Familias reci\u00e9n venidas sin presencia de familia extensa y familias monoparentales en la misma situaci\u00f3n. Desconocimiento de la red de recursos o falta de acceso por la situaci\u00f3n jur\u00eddica o legal (falta de empadronamientos, permisos de trabajo, etc.).<\/li>\n<li>Casos d\u2019urg\u00e8ncia i necessitats b\u00e0siques no cobertes. Dificultats per a cobrir \u00e0pats o \u00e0pats no saludables, pobresa energ\u00e8tica, dificultats per a cobrir roba i material escolar dels infants i adolescents, situacions d\u2019habitatge no regularitzades. La Renda familiar mitja disponible per habitant (2013, Ajuntament de Barcelona) es situava a un 77,2 al districte de Ciutat Vella.<\/li>\n<li>Casos de urgencia y necesidades b\u00e1sicas no cubiertas. Dificultades para cubrir comidas o comidas no saludables, pobreza energ\u00e9tica, dificultades para tener cubiertos la ropa y el material escolar de los ni\u00f1os\/as y j\u00f3venes<\/li>\n<li>Situaciones de desempleo o de precariedad laboral y econom\u00eda sumergida para conseguir ingresos.<\/li>\n<li>Desigualdad en las oportunidades y rigidez en los roles de g\u00e9nero, siendo la mujer la que normalmente asume la mayor parte de las cargas familiares y el cuidado de los hijos y las hijas, as\u00ed como la vida laboral. Falta de conciliaci\u00f3n familiar.<\/li>\n<li>Falta de autoestima y situaciones de estr\u00e9s y angustia relacionadas con las situaciones de precariedad, aumento de la conflictividad dentro del n\u00facleo familiar.<\/li>\n<li>Baja capacitaci\u00f3n para el acompa\u00f1amiento del proceso educativo de los ni\u00f1os\/as y adolescentes.<\/li>\n<li>En familias reci\u00e9n llegadas de habla no catalana, falta de conocimiento de la lengua de acogida, lo que dificulta el acceso a oportunidades y servicios.<\/li>\n<li>Guetitzaci\u00f3 entre les persones d\u2019un mateix origen respecte a altres amb un origen diferent. Si b\u00e9 hi ha una alta multiculturalitat (a Ciutat Vella segons dades de gener 2015 es calculava un 42,4 de persones estrangeres respecte el 16,3 de tota Barcelona), la interculturalitat (la relaci\u00f3 entre persones de diferent origen cultural o nacional) esdev\u00e9 minsa o superficial.<\/li>\n<li>Guetizaci\u00f3n entre personas de un mismo origen respecto a otras de un origen diferente. Pese a que existe una alta multiculturalidad (en Ciutat Vella, seg\u00fan datos de enero de 2015, se calculaba un 42,4 de personas extranjeras respecto al 16,3 de toda Barcelona), la interculturalidad (la relaci\u00f3n entre personas de diferente origen cultural o nacional) resulta exigua o superficial.<\/li>\n<li>Falta de cohesi\u00f3n social en el territorio por el alto contraste adquisitivo en las diferentes situaciones de las personas que conviven. En un mismo barrio, como es el de Sant Pere, Santa Caterina y la Rivera, encontramos situaciones muy dispares en la vida de las personas, existe una parte visible altamente tur\u00edstica y comercial, pero tambi\u00e9n una parte poblacional no tan visible con un nivel adquisitivo b\u00e1sico.<\/li>\n<\/ul>\n","protected":false},"excerpt":{"rendered":"<p>Queremos continuar ofreciendo un espacio de participaci\u00f3n, acci\u00f3n y empoderamiento a las familias que vienen al Tria, pero tambi\u00e9n a otras familias en situaci\u00f3n de vulnerabilidad social y que viven [&hellip;]<\/p>\n","protected":false},"author":2,"featured_media":10743,"comment_status":"closed","ping_status":"closed","sticky":false,"template":"","format":"standard","meta":{"footnotes":""},"categories":[19],"tags":[31,35,34],"class_list":["post-10742","post","type-post","status-publish","format-standard","has-post-thumbnail","hentry","category-general-es","tag-families-es","tag-futur-es","tag-oportunitats-es"],"_links":{"self":[{"href":"https:\/\/comtal.org\/es\/wp-json\/wp\/v2\/posts\/10742","targetHints":{"allow":["GET"]}}],"collection":[{"href":"https:\/\/comtal.org\/es\/wp-json\/wp\/v2\/posts"}],"about":[{"href":"https:\/\/comtal.org\/es\/wp-json\/wp\/v2\/types\/post"}],"author":[{"embeddable":true,"href":"https:\/\/comtal.org\/es\/wp-json\/wp\/v2\/users\/2"}],"replies":[{"embeddable":true,"href":"https:\/\/comtal.org\/es\/wp-json\/wp\/v2\/comments?post=10742"}],"version-history":[{"count":2,"href":"https:\/\/comtal.org\/es\/wp-json\/wp\/v2\/posts\/10742\/revisions"}],"predecessor-version":[{"id":10745,"href":"https:\/\/comtal.org\/es\/wp-json\/wp\/v2\/posts\/10742\/revisions\/10745"}],"wp:featuredmedia":[{"embeddable":true,"href":"https:\/\/comtal.org\/es\/wp-json\/wp\/v2\/media\/10743"}],"wp:attachment":[{"href":"https:\/\/comtal.org\/es\/wp-json\/wp\/v2\/media?parent=10742"}],"wp:term":[{"taxonomy":"category","embeddable":true,"href":"https:\/\/comtal.org\/es\/wp-json\/wp\/v2\/categories?post=10742"},{"taxonomy":"post_tag","embeddable":true,"href":"https:\/\/comtal.org\/es\/wp-json\/wp\/v2\/tags?post=10742"}],"curies":[{"name":"wp","href":"https:\/\/api.w.org\/{rel}","templated":true}]}}