{"id":10715,"date":"2016-06-09T11:36:34","date_gmt":"2016-06-09T11:36:34","guid":{"rendered":"https:\/\/comtal.org\/?p=10715"},"modified":"2016-06-10T10:56:55","modified_gmt":"2016-06-10T10:56:55","slug":"musica-y-solidaridad-una-combinacion-perfecta","status":"publish","type":"post","link":"https:\/\/comtal.org\/es\/musica-y-solidaridad-una-combinacion-perfecta\/","title":{"rendered":"M\u00daSICA Y SOLIDARIDAD, UNA COMBINACI\u00d3N PERFECTA"},"content":{"rendered":"<p>La noche del pasado viernes fue m\u00e1gica, especial. <strong>M\u00e1s de 400 personas nos acompa\u00f1aron en una noche de g\u00f3spel y solidaridad<\/strong> organizada por Proide y Fundaci\u00f3 Comtal en la que es el estreno de la marca La Salle Solidaria.<\/p>\n<p><strong>TwOCats pel Gospel fue el grupo estrella<\/strong> con el que contamos. M\u00e1s de 15 a\u00f1os de trayectoria y su paso por el programa \u201cOh Happy Day\u201d de TV3 lo avalan. Pero no estuvieron solos, hubo unos teloneros de lujo.<strong> Alumnos\/as de La Salle Gr\u00e0cia y de La Salle Premi\u00e0 de Mar ofrecieron unas actuaciones magn\u00edficas<\/strong> que no dejaron a nadie indiferente. De Premi\u00e0 cabe destacar el debut del grupo de g\u00f3spel formado por 38 alumnos\/as y que provoc\u00f3 que toda la platea se levantara de las sillas.<\/p>\n<p>El acto fue dirigido por el periodista y <em>coach<\/em> en comunicaci\u00f3n y oratoria Jordi Gr\u00e0cia, quien <strong>explic\u00f3 con testimonios y datos la labor que llevan a cabo desde la Fundaci\u00f3n Proide y Fundaci\u00f3 Comtal<\/strong> para dar oportunidades a los ni\u00f1os\/as y j\u00f3venes vulnerables de Catalunya, Togo, Per\u00fa, Guatemala y Madagascar.<\/p>\n<p>Una noche de <strong>canciones llenas de energ\u00eda<\/strong>,<strong> alegr\u00eda y sentimiento<\/strong>,<strong> sin renunciar a la tarea de sensibilizaci\u00f3n y de captaci\u00f3n de fondos gracias a la cual hacemos posibles los proyectos<\/strong>. <strong>\u00a1No te pierdas el \u00e1lbum de fotos!<\/strong><\/p>\n<p>Este concierto no hubiera sido posible sin todas las personas que nos han cedido su tiempo y han colaborado de manera voluntaria. <strong>A todos y todas, gracias<\/strong>. <strong>Y gracias<\/strong>,<strong> muy especialmente<\/strong>, <strong>a<\/strong>:<\/p>\n<ul>\n<li>El alumnado del Ciclo Formativo en V\u00eddeo <em>Disc Jockey<\/em> y sonido La Salle Barceloneta. Ellos se encargaron de fotografiar, registrar y filmar todo el acto. \u00a1En breve, compartiremos su trabajo!<\/li>\n<li><strong>El alumnado del curso de hoteler\u00eda de Fundaci\u00f3 Comtal<\/strong>. Ellos gestionaron el servicio de bar durante el concierto \u00a1y prepararon unas tapas buen\u00edsimas!<\/li>\n<li><strong>La Salle Premi\u00e0<\/strong>, no solo por colaborar con el gran grupo de g\u00f3spel, sino tambi\u00e9n porque alquilaron un minib\u00fas y tuvo toda la delegaci\u00f3n. \u00a1Esto es hacer escuela!<\/li>\n<li><strong>La Salle Gr\u00e0cia<\/strong>, por motivar a su alumnado y hacer posible una gran actuaci\u00f3n musical. Cabe se\u00f1alar que una de las int\u00e9rpretes hac\u00eda una semana que se hab\u00eda roto un dedo\u2026 \u00a1La Martina sufri\u00f3 pero sigui\u00f3 adelante!<\/li>\n<li><strong>La Salle Bonanova y La Salle Horta<\/strong>, por la tambi\u00e9n importante aportaci\u00f3n en forma de teatro y tarimas.<\/li>\n<li><strong>TwOCats pel Gospel<\/strong>,<strong> \u00a1<\/strong>por su actuaci\u00f3n!<\/li>\n<li>Al presentador <strong>Jordi Gr\u00e0cia<\/strong>, que disfrut\u00f3 much\u00edsimo en la presentaci\u00f3n del acto.<\/li>\n<li>Al <strong>RCD Espanyol<\/strong>, por el v\u00eddeo y la camiseta firmada por los jugadores, y al <strong>FC Barcelona<\/strong>, por la camiseta firmada por Messi.<\/li>\n<\/ul>\n<p>\u00bfSab\u00edas que\u2026<strong> todos los beneficios del concierto de g\u00f3spel se destinar\u00e1n al proyecto \u201cBecas que dan oportunidades\u201d de la Fundaci\u00f3 Proide y la Fundaci\u00f3 Comtal?<\/strong><\/p>\n<p><strong>\u00a0<\/strong>Si no viniste al concierto, todav\u00eda puedes colaborar en \u00e9l sum\u00e1ndote al #GivingTuesday, una campa\u00f1a de alcance mundial que quiere convertir este martes 1 de diciembre en el d\u00eda con m\u00e1s donativos de todo el a\u00f1o. Fundaci\u00f3 Comtal i Proide seguimos trabajando juntos para sumar esfuerzos y en el #GivingTuesday presentamos un proyecto conjunto. No importa el sitio, importan las personas. Oportunidades educativas para todos.<\/p>\n","protected":false},"excerpt":{"rendered":"<p>La noche del pasado viernes fue m\u00e1gica, especial. M\u00e1s de 400 personas nos acompa\u00f1aron en una noche de g\u00f3spel y solidaridad organizada por Proide y Fundaci\u00f3 Comtal en la que [&hellip;]<\/p>\n","protected":false},"author":2,"featured_media":10716,"comment_status":"closed","ping_status":"closed","sticky":false,"template":"","format":"standard","meta":{"footnotes":""},"categories":[22,23,24,25,26,27,28],"tags":[35,34,32],"class_list":["post-10715","post","type-post","status-publish","format-standard","has-post-thumbnail","hentry","category-colaboradores","category-comunidad","category-educacion","category-fundacioncomtal","category-integracion","category-navidad","category-solidaridad","tag-futur-es","tag-oportunitats-es","tag-participacio-es"],"_links":{"self":[{"href":"https:\/\/comtal.org\/es\/wp-json\/wp\/v2\/posts\/10715","targetHints":{"allow":["GET"]}}],"collection":[{"href":"https:\/\/comtal.org\/es\/wp-json\/wp\/v2\/posts"}],"about":[{"href":"https:\/\/comtal.org\/es\/wp-json\/wp\/v2\/types\/post"}],"author":[{"embeddable":true,"href":"https:\/\/comtal.org\/es\/wp-json\/wp\/v2\/users\/2"}],"replies":[{"embeddable":true,"href":"https:\/\/comtal.org\/es\/wp-json\/wp\/v2\/comments?post=10715"}],"version-history":[{"count":2,"href":"https:\/\/comtal.org\/es\/wp-json\/wp\/v2\/posts\/10715\/revisions"}],"predecessor-version":[{"id":10741,"href":"https:\/\/comtal.org\/es\/wp-json\/wp\/v2\/posts\/10715\/revisions\/10741"}],"wp:featuredmedia":[{"embeddable":true,"href":"https:\/\/comtal.org\/es\/wp-json\/wp\/v2\/media\/10716"}],"wp:attachment":[{"href":"https:\/\/comtal.org\/es\/wp-json\/wp\/v2\/media?parent=10715"}],"wp:term":[{"taxonomy":"category","embeddable":true,"href":"https:\/\/comtal.org\/es\/wp-json\/wp\/v2\/categories?post=10715"},{"taxonomy":"post_tag","embeddable":true,"href":"https:\/\/comtal.org\/es\/wp-json\/wp\/v2\/tags?post=10715"}],"curies":[{"name":"wp","href":"https:\/\/api.w.org\/{rel}","templated":true}]}}