{"id":10710,"date":"2016-06-09T11:25:25","date_gmt":"2016-06-09T11:25:25","guid":{"rendered":"https:\/\/comtal.org\/?p=10710"},"modified":"2016-06-09T11:27:19","modified_gmt":"2016-06-09T11:27:19","slug":"la-fiesta-de-los-derechos-de-los-ninos-y-las-ninas","status":"publish","type":"post","link":"https:\/\/comtal.org\/es\/la-fiesta-de-los-derechos-de-los-ninos-y-las-ninas\/","title":{"rendered":"LA FIESTA DE LOS DERECHOS DE LOS NI\u00d1OS Y LAS NI\u00d1AS"},"content":{"rendered":"<p><strong>El Tria<\/strong> vuelve a salir a la calle para celebrar <strong>la Fiesta de los Derechos de los ni\u00f1os y las ni\u00f1as<\/strong>. Ser\u00e1 el viernes <strong>20 de noviembre<\/strong>,<strong> en la Plaza de Allada Vermell<\/strong>, y contaremos con la colaboraci\u00f3n de <strong>Albert Serrat<\/strong>. \u00c9l nos ofrecer\u00e1 un <strong>espect\u00e1culo de magia familiar<\/strong>. Pero antes prepararemos unos talleres y rincones para que los ni\u00f1os\/as, los vecinos\/as y las familias que vengan puedan construir el barrio o ciudad ideal.<\/p>\n<p><strong>-Rinc\u00f3n de nuestros derechos<\/strong>: haremos un mural donde los ni\u00f1os\/as escribir\u00e1n los derechos que ellos\/as quieran.<\/p>\n<p><strong>-Figuritas con plastilina<\/strong>: se har\u00e1n animales, perros, gatos, p\u00e1jaros\u2026 con diversos modelos que hemos realizado, \u00a1pero animaremos a todos\/as a hacer volar la imaginaci\u00f3n!<\/p>\n<p>&#8211;<strong>\u00c1rboles y flores<\/strong> con cartulinas y palillos.<\/p>\n<p><strong>-Coches con recortables<\/strong>.<\/p>\n<p><strong>-Casas con recortables<\/strong>.<\/p>\n<p><strong>\u00a0<\/strong><strong>El espacio que queremos<\/strong>: cuando los ni\u00f1os o ni\u00f1as hayan pasado por un taller o rinc\u00f3n, podr\u00e1n enganchar en un mural lo que hayan hecho y, as\u00ed, se ir\u00e1 construyendo la ciudad o barrio que queremos.<\/p>\n<p>Los talleres y rincones funcionar\u00e1n de 17:30h a 18:15h y, despu\u00e9s, se repartir\u00e1 la merienda y se har\u00e1 el espect\u00e1culo de magia con Albert Serrat.<\/p>\n<p>La fiesta finalizar\u00e1 a las<strong> 19:30h<\/strong>.<\/p>\n<p><strong>\u00bfTe lo perder\u00e1s?<\/strong><\/p>\n","protected":false},"excerpt":{"rendered":"<p>El Tria vuelve a salir a la calle para celebrar la Fiesta de los Derechos de los ni\u00f1os y las ni\u00f1as. Ser\u00e1 el viernes 20 de noviembre, en la Plaza [&hellip;]<\/p>\n","protected":false},"author":2,"featured_media":10711,"comment_status":"closed","ping_status":"closed","sticky":false,"template":"","format":"standard","meta":{"footnotes":""},"categories":[21,22,23,24,25,19,29,30],"tags":[31,35,32],"class_list":["post-10710","post","type-post","status-publish","format-standard","has-post-thumbnail","hentry","category-actividades-en-la-calle","category-colaboradores","category-comunidad","category-educacion","category-fundacioncomtal","category-general-es","category-talleres","category-voluntariado","tag-families-es","tag-futur-es","tag-participacio-es"],"_links":{"self":[{"href":"https:\/\/comtal.org\/es\/wp-json\/wp\/v2\/posts\/10710","targetHints":{"allow":["GET"]}}],"collection":[{"href":"https:\/\/comtal.org\/es\/wp-json\/wp\/v2\/posts"}],"about":[{"href":"https:\/\/comtal.org\/es\/wp-json\/wp\/v2\/types\/post"}],"author":[{"embeddable":true,"href":"https:\/\/comtal.org\/es\/wp-json\/wp\/v2\/users\/2"}],"replies":[{"embeddable":true,"href":"https:\/\/comtal.org\/es\/wp-json\/wp\/v2\/comments?post=10710"}],"version-history":[{"count":2,"href":"https:\/\/comtal.org\/es\/wp-json\/wp\/v2\/posts\/10710\/revisions"}],"predecessor-version":[{"id":10713,"href":"https:\/\/comtal.org\/es\/wp-json\/wp\/v2\/posts\/10710\/revisions\/10713"}],"wp:featuredmedia":[{"embeddable":true,"href":"https:\/\/comtal.org\/es\/wp-json\/wp\/v2\/media\/10711"}],"wp:attachment":[{"href":"https:\/\/comtal.org\/es\/wp-json\/wp\/v2\/media?parent=10710"}],"wp:term":[{"taxonomy":"category","embeddable":true,"href":"https:\/\/comtal.org\/es\/wp-json\/wp\/v2\/categories?post=10710"},{"taxonomy":"post_tag","embeddable":true,"href":"https:\/\/comtal.org\/es\/wp-json\/wp\/v2\/tags?post=10710"}],"curies":[{"name":"wp","href":"https:\/\/api.w.org\/{rel}","templated":true}]}}