{"id":10323,"date":"2015-10-06T15:32:31","date_gmt":"2015-10-06T15:32:31","guid":{"rendered":"https:\/\/comtal.org\/?p=10323"},"modified":"2015-10-06T15:32:59","modified_gmt":"2015-10-06T15:32:59","slug":"necesitamos-personas-voluntarios-de-inicio-de-curso","status":"publish","type":"post","link":"https:\/\/comtal.org\/es\/necesitamos-personas-voluntarios-de-inicio-de-curso\/","title":{"rendered":"NECESITAMOS PERSONAS VOLUNTARIAS"},"content":{"rendered":"<p>Esta semana hemos empezado el que ser\u00e1 el nuevo curso del Centro Abierto Tria: las inscripciones de los ni\u00f1os y j\u00f3venes, el programa educativo, la organizaci\u00f3n del grupo de voluntarios y voluntarias veteranos y veteranas, las reuniones con las familias&#8230; para empezar a acoger a los alumnos cuando acaban la escuela, y ayudarlos a trav\u00e9s del apoyo escolar y emocional, los talleres, los juegos y el acompa\u00f1amiento constante.<\/p>\n<p><strong>Para ayudar a m\u00e1s ni\u00f1os y j\u00f3venes como Lucia a preparar el ex\u00e1men de castellano o a Geomar a repasar las tablas de multiplicar antes de los ex\u00e1menes, necesitamos m\u00e1s voluntarios y voluntarias en el espacio de estudio. <\/strong><\/p>\n<p>\u00bfLes puedes echar una mano?<\/p>\n<p>Ven a hacer refuerzo escolar a ni\u00f1os, adolescentes y\/o j\u00f3venes entre 6 y 18 a\u00f1os y ayud\u00e1les en las clases de catal\u00e1n, castellano y matem\u00e1ticas, pudiendo reforzar a partir de estas materias algunas partes espec\u00edficas del curr\u00edculum educativo.<\/p>\n<p>\u00a1Envia un correu a <span style=\"color: #ff9900;\"><a style=\"color: #ff9900;\" href=\"mailto:voluntariat@comtal.org\" target=\"_blank\" data-cke-saved-href=\"mailto:voluntariat@comtal.org\">voluntariat@comtal.org<\/a><\/span>\u00a0y nos pondremos en contacto contigo!<\/p>\n","protected":false},"excerpt":{"rendered":"<p>Esta semana hemos empezado el que ser\u00e1 el nuevo curso del Centro Abierto Tria: las inscripciones de los ni\u00f1os y j\u00f3venes, el programa educativo, la organizaci\u00f3n del grupo de voluntarios [&hellip;]<\/p>\n","protected":false},"author":2,"featured_media":10324,"comment_status":"closed","ping_status":"closed","sticky":false,"template":"","format":"standard","meta":{"footnotes":""},"categories":[22,24,25,19,30],"tags":[35,33,34],"class_list":["post-10323","post","type-post","status-publish","format-standard","has-post-thumbnail","hentry","category-colaboradores","category-educacion","category-fundacioncomtal","category-general-es","category-voluntariado","tag-futur-es","tag-igualtat-es","tag-oportunitats-es"],"_links":{"self":[{"href":"https:\/\/comtal.org\/es\/wp-json\/wp\/v2\/posts\/10323","targetHints":{"allow":["GET"]}}],"collection":[{"href":"https:\/\/comtal.org\/es\/wp-json\/wp\/v2\/posts"}],"about":[{"href":"https:\/\/comtal.org\/es\/wp-json\/wp\/v2\/types\/post"}],"author":[{"embeddable":true,"href":"https:\/\/comtal.org\/es\/wp-json\/wp\/v2\/users\/2"}],"replies":[{"embeddable":true,"href":"https:\/\/comtal.org\/es\/wp-json\/wp\/v2\/comments?post=10323"}],"version-history":[{"count":2,"href":"https:\/\/comtal.org\/es\/wp-json\/wp\/v2\/posts\/10323\/revisions"}],"predecessor-version":[{"id":10326,"href":"https:\/\/comtal.org\/es\/wp-json\/wp\/v2\/posts\/10323\/revisions\/10326"}],"wp:featuredmedia":[{"embeddable":true,"href":"https:\/\/comtal.org\/es\/wp-json\/wp\/v2\/media\/10324"}],"wp:attachment":[{"href":"https:\/\/comtal.org\/es\/wp-json\/wp\/v2\/media?parent=10323"}],"wp:term":[{"taxonomy":"category","embeddable":true,"href":"https:\/\/comtal.org\/es\/wp-json\/wp\/v2\/categories?post=10323"},{"taxonomy":"post_tag","embeddable":true,"href":"https:\/\/comtal.org\/es\/wp-json\/wp\/v2\/tags?post=10323"}],"curies":[{"name":"wp","href":"https:\/\/api.w.org\/{rel}","templated":true}]}}