{"id":10299,"date":"2015-09-30T14:06:35","date_gmt":"2015-09-30T14:06:35","guid":{"rendered":"https:\/\/comtal.org\/?p=10299"},"modified":"2015-09-30T14:06:35","modified_gmt":"2015-09-30T14:06:35","slug":"cooperacion-etica-y-solidaridad","status":"publish","type":"post","link":"https:\/\/comtal.org\/es\/cooperacion-etica-y-solidaridad\/","title":{"rendered":"COOPERACI\u00d3N, \u00c9TICA Y SOLIDARIDAD"},"content":{"rendered":"<p>El pasado jueves d\u00eda 24 de septiembre, a las 19 horas, tuvo lugar en el auditorio del Banco de Sabadell en Madrid el acto de entrega de las aportaciones econ\u00f3micas a proyectos que otorga la divisi\u00f3n Sabadell Urquijo Cooperaci\u00f3n. El acto estuvo presidido por el Sr. Francisco Vallejo, presidente del Banco Sabadell Urquijo, acompa\u00f1ado por el Excmo. y Rvdmo. Sr. Don Carlos Osoro, arzobispo de Madrid.<\/p>\n<p>Se han beneficiado un total de 13 proyectos solidarios, todos ellos destinados a ayudar a colectivos desfavoridos, de entre los cuales se encuentra el Programa Laboral para J\u00f3venes en Riesgo de Exclusi\u00f3n Social de la Fundaci\u00f3 Comtal.<\/p>\n<p>El Hno. Javi Nu\u00f1ez, Delegado de Misi\u00f3n Pastoral de la Salle Catalu\u00f1a recogi\u00f3 esta distinci\u00f3n acompa\u00f1ado por el Hno. Jes\u00fas F\u00e9lix Martinez, Delegado de Misi\u00f3n Educativa de la Salle Arlep y la Sra. Isabel Montero, de la Coordinadora de Obras Socioeducativas La Salle. Este reconocimiento nos da nuevo \u00edmpetu para continuar trabajando en favor de los ni\u00f1os y j\u00f3venes m\u00e1s desfavorecidos.<\/p>\n<p>&nbsp;<\/p>\n<p>&nbsp;<\/p>\n<p>&nbsp;<\/p>\n","protected":false},"excerpt":{"rendered":"<p>El pasado jueves d\u00eda 24 de septiembre, a las 19 horas, tuvo lugar en el auditorio del Banco de Sabadell en Madrid el acto de entrega de las aportaciones econ\u00f3micas [&hellip;]<\/p>\n","protected":false},"author":2,"featured_media":10300,"comment_status":"closed","ping_status":"closed","sticky":false,"template":"","format":"standard","meta":{"footnotes":""},"categories":[22,25,19,28],"tags":[36,34],"class_list":["post-10299","post","type-post","status-publish","format-standard","has-post-thumbnail","hentry","category-colaboradores","category-fundacioncomtal","category-general-es","category-solidaridad","tag-joves-es","tag-oportunitats-es"],"_links":{"self":[{"href":"https:\/\/comtal.org\/es\/wp-json\/wp\/v2\/posts\/10299","targetHints":{"allow":["GET"]}}],"collection":[{"href":"https:\/\/comtal.org\/es\/wp-json\/wp\/v2\/posts"}],"about":[{"href":"https:\/\/comtal.org\/es\/wp-json\/wp\/v2\/types\/post"}],"author":[{"embeddable":true,"href":"https:\/\/comtal.org\/es\/wp-json\/wp\/v2\/users\/2"}],"replies":[{"embeddable":true,"href":"https:\/\/comtal.org\/es\/wp-json\/wp\/v2\/comments?post=10299"}],"version-history":[{"count":1,"href":"https:\/\/comtal.org\/es\/wp-json\/wp\/v2\/posts\/10299\/revisions"}],"predecessor-version":[{"id":10301,"href":"https:\/\/comtal.org\/es\/wp-json\/wp\/v2\/posts\/10299\/revisions\/10301"}],"wp:featuredmedia":[{"embeddable":true,"href":"https:\/\/comtal.org\/es\/wp-json\/wp\/v2\/media\/10300"}],"wp:attachment":[{"href":"https:\/\/comtal.org\/es\/wp-json\/wp\/v2\/media?parent=10299"}],"wp:term":[{"taxonomy":"category","embeddable":true,"href":"https:\/\/comtal.org\/es\/wp-json\/wp\/v2\/categories?post=10299"},{"taxonomy":"post_tag","embeddable":true,"href":"https:\/\/comtal.org\/es\/wp-json\/wp\/v2\/tags?post=10299"}],"curies":[{"name":"wp","href":"https:\/\/api.w.org\/{rel}","templated":true}]}}