{"id":10265,"date":"2015-09-21T16:32:55","date_gmt":"2015-09-21T16:32:55","guid":{"rendered":"https:\/\/comtal.org\/?p=10265"},"modified":"2015-09-21T16:33:44","modified_gmt":"2015-09-21T16:33:44","slug":"abierto-por-vacaciones","status":"publish","type":"post","link":"https:\/\/comtal.org\/es\/abierto-por-vacaciones\/","title":{"rendered":"CONFIANZA, MAGIA Y VACACIONES COMPARTIDAS"},"content":{"rendered":"<p>Gracias a la ayuda de La CaixaProInfancia, el Ayuntamiento de Barcelona, la Direcci\u00f3n General de Atenci\u00f3n a la Infancia, Educo y de los 26 voluntarios y colaboradores hemos hecho posible un verano lleno de posibilidades para los ni\u00f1os y j\u00f3venes del barrio. De todo coraz\u00f3n, \u00a1gracias!<\/p>\n<p>Este curso han participado un total de 215 ni\u00f1os y j\u00f3venes entre el \u201ccasal d\u2019estiu\u201d, organizado del 22 de junio al 10 de julio, las colonias, los campamentos y el \u201ccasal d\u2019agost\u201d, que por segundo a\u00f1o consecutivo, se llev\u00f3 a cabo durante la primera quincena.<\/p>\n<p>Mediante la pregunta \u201cY t\u00fa, \u00bfqu\u00e9 superh\u00e9roe eres?\u201d se fueron organizando toda una serie de actividades deportivas, l\u00fadicas y culturales para conseguir un mismo objetivo: que los ni\u00f1os y j\u00f3venes vivieran el tiempo libre de forma positiva, sana y transformadora.<\/p>\n<p>As\u00ed fue. Fueron d\u00edas llenos de alegr\u00eda, confianza y magia, de vacaciones compartidas.<\/p>\n<p>Durante los campamentos, en\u00a0<em>Cal Parad\u00eds<\/em>, los ni\u00f1os pudieron disfrutar rodeados de naturaleza, minuto a minuto, en buena compa\u00f1\u00eda, organiz\u00e1ndose para hacer las distintas tareas, descubriendo la mejor manera de acomodarse dentro de las tiendas de campa\u00f1a, hacer las comidas y preparar los juegos. Este a\u00f1o implicamos a los adolescentes en la preparaci\u00f3n de los campamentos y durante la \u00faltima semana hicieron los juegos, fueron a comprar el material y organizaron las comidas\u2026 El resultado fue realmente muy positivo y sirvi\u00f3 como aprendizaje que seguro les servir\u00e1 en el futuro.<\/p>\n<p>Durante las Colonias, los 40 ni\u00f1os y j\u00f3venes se fueron al centro de la Garrotxa, a la casa \u201cMas Colltort\u201d. Para siempre les quedar\u00e1 el recuerdo de la aventura y de las excursiones por el r\u00edo, los ba\u00f1os en la piscina acompa\u00f1ados por el arco\u00edris, las visitas al volc\u00e1n Can Ti\u00e0 y las rutas por \u201cla Fageda\u201d.<\/p>\n<p>Durante el casal de agosto el escenario volvi\u00f3 a ser el de siempre, en medio de la ciudad. Eso no fue ning\u00fan impedimento para organizar todo tipo de salidas a la playa y juegos en el parque, talleres de barro y sorpresas como las de la visita a Illa Fantasia o al Aqu\u00e0rium.<\/p>\n<p>\u00a1Este verano, ni\u00f1os, j\u00f3venes, educadores y voluntarios nos lo hemos pasado pipa!<\/p>\n<p>#\u200eObertperVacances<\/p>\n","protected":false},"excerpt":{"rendered":"<p>Gracias a la ayuda de La CaixaProInfancia, el Ayuntamiento de Barcelona, la Direcci\u00f3n General de Atenci\u00f3n a la Infancia, Educo y de los 26 voluntarios y colaboradores hemos hecho posible [&hellip;]<\/p>\n","protected":false},"author":2,"featured_media":10266,"comment_status":"closed","ping_status":"closed","sticky":false,"template":"","format":"standard","meta":{"footnotes":""},"categories":[21,22,23,24,25,19,26,30],"tags":[31,35,33,36,34,32],"class_list":["post-10265","post","type-post","status-publish","format-standard","has-post-thumbnail","hentry","category-actividades-en-la-calle","category-colaboradores","category-comunidad","category-educacion","category-fundacioncomtal","category-general-es","category-integracion","category-voluntariado","tag-families-es","tag-futur-es","tag-igualtat-es","tag-joves-es","tag-oportunitats-es","tag-participacio-es"],"_links":{"self":[{"href":"https:\/\/comtal.org\/es\/wp-json\/wp\/v2\/posts\/10265","targetHints":{"allow":["GET"]}}],"collection":[{"href":"https:\/\/comtal.org\/es\/wp-json\/wp\/v2\/posts"}],"about":[{"href":"https:\/\/comtal.org\/es\/wp-json\/wp\/v2\/types\/post"}],"author":[{"embeddable":true,"href":"https:\/\/comtal.org\/es\/wp-json\/wp\/v2\/users\/2"}],"replies":[{"embeddable":true,"href":"https:\/\/comtal.org\/es\/wp-json\/wp\/v2\/comments?post=10265"}],"version-history":[{"count":2,"href":"https:\/\/comtal.org\/es\/wp-json\/wp\/v2\/posts\/10265\/revisions"}],"predecessor-version":[{"id":10268,"href":"https:\/\/comtal.org\/es\/wp-json\/wp\/v2\/posts\/10265\/revisions\/10268"}],"wp:featuredmedia":[{"embeddable":true,"href":"https:\/\/comtal.org\/es\/wp-json\/wp\/v2\/media\/10266"}],"wp:attachment":[{"href":"https:\/\/comtal.org\/es\/wp-json\/wp\/v2\/media?parent=10265"}],"wp:term":[{"taxonomy":"category","embeddable":true,"href":"https:\/\/comtal.org\/es\/wp-json\/wp\/v2\/categories?post=10265"},{"taxonomy":"post_tag","embeddable":true,"href":"https:\/\/comtal.org\/es\/wp-json\/wp\/v2\/tags?post=10265"}],"curies":[{"name":"wp","href":"https:\/\/api.w.org\/{rel}","templated":true}]}}